{"id":284172,"date":"2025-06-10T10:30:54","date_gmt":"2025-06-10T08:30:54","guid":{"rendered":"https:\/\/weenat.com\/?p=284172"},"modified":"2025-12-12T07:47:28","modified_gmt":"2025-12-12T06:47:28","slug":"una-primavera-de-2025-bastante-beneficiosa-en-espana","status":"publish","type":"post","link":"https:\/\/preprod.weenat.com\/es\/una-primavera-de-2025-bastante-beneficiosa-en-espana\/","title":{"rendered":"Una primavera de 2025 bastante beneficiosa en Espa\u00f1a: retorno de las precipitaciones en muchas zonas del territorio, tras varios a\u00f1os de d\u00e9ficit\u00a0"},"content":{"rendered":"<p>[et_pb_section fb_built=\u00bb1&#8243; _builder_version=\u00bb4.24.0&#8243; _module_preset=\u00bbdefault\u00bb locked=\u00bboff\u00bb global_colors_info=\u00bb{}\u00bb theme_builder_area=\u00bbpost_content\u00bb][et_pb_row _builder_version=\u00bb4.24.0&#8243; _module_preset=\u00bbdefault\u00bb global_colors_info=\u00bb{}\u00bb theme_builder_area=\u00bbpost_content\u00bb][et_pb_column type=\u00bb4_4&#8243; _builder_version=\u00bb4.24.0&#8243; _module_preset=\u00bbdefault\u00bb global_colors_info=\u00bb{}\u00bb theme_builder_area=\u00bbpost_content\u00bb][et_pb_text _builder_version=\u00bb4.24.0&#8243; _module_preset=\u00bbdefault\u00bb global_colors_info=\u00bb{}\u00bb theme_builder_area=\u00bbpost_content\u00bb]<\/p>\n<p><span data-contrast=\"auto\">La primavera de 2025 supuso una clara ruptura con respecto a a\u00f1os anteriores en Espa\u00f1a. Este a\u00f1o se ha caracterizado por el retorno de las precipitaciones en numerosas regiones tras los periodos especialmente secos de 2021 y 2023. <\/span><\/p>\n<p><span data-contrast=\"auto\">La situaci\u00f3n h\u00eddrica<strong> ha mejorado de forma notable, especialmente en las zonas centrales y occidentales,<\/strong> aunque algunos territorios del Mediterr\u00e1neo oriental todav\u00eda presentan totales moderados o incluso deficitarios. Esta evoluci\u00f3n pluviom\u00e9trica, visible en los mapas de <strong><a href=\"https:\/\/weenat.com\/es\/aplicacion-meteorologica-agricola\/meteo-vision\/\">M\u00e9t\u00e9o Vision<\/a><\/strong>, supone un alivio para las \u00e1reas agr\u00edcolas espa\u00f1olas que hab\u00edan sufrido varios a\u00f1os de estr\u00e9s h\u00eddrico.<\/span><span data-ccp-props=\"{&quot;134233117&quot;:false,&quot;134233118&quot;:false,&quot;335551550&quot;:0,&quot;335551620&quot;:0,&quot;335559738&quot;:240,&quot;335559739&quot;:240}\">\u00a0<\/span><\/p>\n<p>[\/et_pb_text][et_pb_video src=\u00bbhttps:\/\/youtube.com\/shorts\/wp_adQxusOc?feature=shared\u00bb _builder_version=\u00bb4.27.4&#8243; _module_preset=\u00bbdefault\u00bb width=\u00bb47%\u00bb module_alignment=\u00bbcenter\u00bb hover_enabled=\u00bb0&#8243; module_alignment_tablet=\u00bbcenter\u00bb module_alignment_phone=\u00bbcenter\u00bb module_alignment_last_edited=\u00bbon|phone\u00bb global_colors_info=\u00bb{}\u00bb theme_builder_area=\u00bbpost_content\u00bb sticky_enabled=\u00bb0&#8243;][\/et_pb_video][\/et_pb_column][\/et_pb_row][et_pb_row _builder_version=\u00bb4.24.0&#8243; _module_preset=\u00bbdefault\u00bb global_colors_info=\u00bb{}\u00bb theme_builder_area=\u00bbpost_content\u00bb][et_pb_column type=\u00bb4_4&#8243; _builder_version=\u00bb4.24.0&#8243; _module_preset=\u00bbdefault\u00bb global_colors_info=\u00bb{}\u00bb theme_builder_area=\u00bbpost_content\u00bb][et_pb_text _builder_version=\u00bb4.27.4&#8243; _module_preset=\u00bba911bbfb-d5ea-4b1c-a805-a3c8d79268a7&#8243; global_colors_info=\u00bb{}\u00bb theme_builder_area=\u00bbpost_content\u00bb]<\/p>\n<h2 aria-level=\"2\">Precipitaciones en clara progresi\u00f3n respecto a a\u00f1os recientes<\/h2>\n<p>[\/et_pb_text][et_pb_image src=\u00bbhttps:\/\/preprod.weenat.com\/wp-content\/uploads\/2025\/06\/Comm_2025_ESP_spring_2025_daily_PRECIP-3-min-scaled-1.webp\u00bb alt=\u00bbcumul-de-precipitations-printemps-2025-france\u00bb _builder_version=\u00bb4.27.4&#8243; _module_preset=\u00bbdefault\u00bb width=\u00bb70%\u00bb module_alignment=\u00bbcenter\u00bb module_alignment_tablet=\u00bbcenter\u00bb module_alignment_phone=\u00bbcenter\u00bb module_alignment_last_edited=\u00bbon|phone\u00bb global_colors_info=\u00bb{}\u00bb theme_builder_area=\u00bbpost_content\u00bb][\/et_pb_image][\/et_pb_column][\/et_pb_row][et_pb_row _builder_version=\u00bb4.24.0&#8243; _module_preset=\u00bbdefault\u00bb global_colors_info=\u00bb{}\u00bb theme_builder_area=\u00bbpost_content\u00bb][et_pb_column type=\u00bb4_4&#8243; _builder_version=\u00bb4.24.0&#8243; _module_preset=\u00bbdefault\u00bb global_colors_info=\u00bb{}\u00bb theme_builder_area=\u00bbpost_content\u00bb][et_pb_text _builder_version=\u00bb4.24.0&#8243; _module_preset=\u00bbdefault\u00bb global_colors_info=\u00bb{}\u00bb theme_builder_area=\u00bbpost_content\u00bb]<\/p>\n<p><span data-contrast=\"auto\">El an\u00e1lisis de los acumulados pluviom\u00e9tricos <strong>entre el 1 de marzo y el 31 de mayo de 2025<\/strong> muestra una mejora frente a los a\u00f1os secos anteriores. <\/span><\/p>\n<p><span data-contrast=\"auto\">Las regiones del centro (alrededor de Madrid) y del noroeste de Espa\u00f1a se beneficiaron de aportes sustanciales, con totales que a menudo oscilaron entre<strong> 300 y 500\u202fmm<\/strong> durante toda la temporada primaveral. Esta situaci\u00f3n contrasta positivamente con la sequ\u00eda marcada de 2021 y 2023, periodos en los que muchas zonas registraron severos d\u00e9ficits de lluvia.<\/span><span data-ccp-props=\"{&quot;134233117&quot;:false,&quot;134233118&quot;:false,&quot;335551550&quot;:0,&quot;335551620&quot;:0,&quot;335559738&quot;:240,&quot;335559739&quot;:240}\">\u00a0<\/span><\/p>\n<p>[\/et_pb_text][et_pb_code _builder_version=\u00bb4.24.0&#8243; _module_preset=\u00bbdefault\u00bb global_colors_info=\u00bb{}\u00bb theme_builder_area=\u00bbpost_content\u00bb]\n<table id=\"tablepress-25\" class=\"tablepress tablepress-id-25\">\n<thead>\n<tr class=\"row-1\">\n\t<th class=\"column-1\">A\u00f1o<\/th><th class=\"column-2\">Sevilla<\/th><th class=\"column-3\">Valencia<\/th><th class=\"column-4\">Madrid<\/th><th class=\"column-5\">Bilbao<\/th>\n<\/tr>\n<\/thead>\n<tbody class=\"row-striping row-hover\">\n<tr class=\"row-2\">\n\t<td class=\"column-1\">2025<\/td><td class=\"column-2\">288,5<\/td><td class=\"column-3\">69,5<\/td><td class=\"column-4\">292,9<\/td><td class=\"column-5\">262,9<\/td>\n<\/tr>\n<tr class=\"row-3\">\n\t<td class=\"column-1\">2024<\/td><td class=\"column-2\">173,7<\/td><td class=\"column-3\">44,3<\/td><td class=\"column-4\">67,8<\/td><td class=\"column-5\">233,4<\/td>\n<\/tr>\n<tr class=\"row-4\">\n\t<td class=\"column-1\">2023<\/td><td class=\"column-2\">66,9<\/td><td class=\"column-3\">30,6<\/td><td class=\"column-4\">106,3<\/td><td class=\"column-5\">196,5<\/td>\n<\/tr>\n<tr class=\"row-5\">\n\t<td class=\"column-1\">2022<\/td><td class=\"column-2\">167,0<\/td><td class=\"column-3\">487,6<\/td><td class=\"column-4\">124,4<\/td><td class=\"column-5\">251,7<\/td>\n<\/tr>\n<tr class=\"row-6\">\n\t<td class=\"column-1\">2021<\/td><td class=\"column-2\">51,7<\/td><td class=\"column-3\">123,0<\/td><td class=\"column-4\">96,0<\/td><td class=\"column-5\">138,0<\/td>\n<\/tr>\n<\/tbody>\n<\/table>\n<!-- #tablepress-25 from cache -->[\/et_pb_code][et_pb_text _builder_version=\u00bb4.24.0&#8243; _module_preset=\u00bbdefault\u00bb global_colors_info=\u00bb{}\u00bb theme_builder_area=\u00bbpost_content\u00bb]<\/p>\n<p><span data-contrast=\"auto\">Los datos hist\u00f3ricos de cuatro estaciones representativas ilustran esta evoluci\u00f3n positiva. En Sevilla, las precipitaciones acumuladas alcanzaron los<strong> 288,5\u202fmm en 2025,<\/strong> una progresi\u00f3n espectacular frente a los <strong>66,9\u202fmm de 2023<\/strong> y los <strong>51,7\u202fmm de 2021<\/strong>. Madrid muestra un cambio a\u00fan m\u00e1s marcado, con <strong>292,9\u202fmm frente a 106,3\u202fmm<\/strong> en 2023 y <strong>96,0\u202fmm en 2021.<\/strong> Bilbao confirma esta tendencia con <strong>262,9\u202fmm<\/strong>, claramente superior a los <strong>196,5\u202fmm de 2023<\/strong> y los <strong>138,0\u202fmm de 2021.<\/strong><\/span><strong>\u00a0<\/strong><\/p>\n<p><span data-contrast=\"auto\">Valencia presenta una situaci\u00f3n m\u00e1s matizada, con <strong>69,5\u202fmm en 2025,<\/strong> cifra superior a los <strong>30,6\u202fmm excepcionalmente bajos de 2023<\/strong>, pero a\u00fan por debajo de los <strong>123,0\u202fmm de 2021<\/strong>.<\/span><span data-ccp-props=\"{&quot;134233117&quot;:false,&quot;134233118&quot;:false,&quot;335551550&quot;:0,&quot;335551620&quot;:0,&quot;335559738&quot;:240,&quot;335559739&quot;:240}\">\u00a0<\/span><\/p>\n<p><span data-contrast=\"auto\">Esta distribuci\u00f3n refleja una configuraci\u00f3n atmosf\u00e9rica que favoreci\u00f3 los flujos atl\u00e1nticos hacia los relieves centrales y occidentales, permitiendo una reconstrucci\u00f3n parcial de los recursos h\u00eddricos tras los a\u00f1os deficitarios.<\/span><span data-ccp-props=\"{&quot;134233117&quot;:false,&quot;134233118&quot;:false,&quot;335551550&quot;:0,&quot;335551620&quot;:0,&quot;335559738&quot;:240,&quot;335559739&quot;:240}\">\u00a0<\/span><\/p>\n<p>[\/et_pb_text][\/et_pb_column][\/et_pb_row][et_pb_row admin_label=\u00bbCTA pluviom\u00e8tre\u00bb _builder_version=\u00bb4.27.4&#8243; _module_preset=\u00bbdefault\u00bb background_color=\u00bb#002635&#8243; border_radii=\u00bbon|10px|10px|10px|10px\u00bb locked=\u00bboff\u00bb global_colors_info=\u00bb{}\u00bb theme_builder_area=\u00bbpost_content\u00bb][et_pb_column type=\u00bb4_4&#8243; _builder_version=\u00bb4.24.0&#8243; _module_preset=\u00bbdefault\u00bb global_colors_info=\u00bb{}\u00bb theme_builder_area=\u00bbpost_content\u00bb][et_pb_image src=\u00bbhttps:\/\/preprod.weenat.com\/wp-content\/uploads\/2024\/11\/Station-meteo-vignes-1.webp\u00bb alt=\u00bbStation me\u0301te\u0301o vignes pluviom\u00e9trie 2024&#8243; _builder_version=\u00bb4.27.4&#8243; _module_preset=\u00bbdefault\u00bb width=\u00bb80%\u00bb module_alignment=\u00bbcenter\u00bb hover_enabled=\u00bb0&#8243; module_alignment_tablet=\u00bbcenter\u00bb module_alignment_phone=\u00bbcenter\u00bb module_alignment_last_edited=\u00bbon|phone\u00bb border_radii=\u00bbon|10px|10px|10px|10px\u00bb global_colors_info=\u00bb{}\u00bb theme_builder_area=\u00bbpost_content\u00bb url=\u00bb@ET-DC@eyJkeW5hbWljIjp0cnVlLCJjb250ZW50IjoicG9zdF9saW5rX3VybF9wYWdlIiwic2V0dGluZ3MiOnsicG9zdF9pZCI6IjIzNzk3In19@\u00bb _dynamic_attributes=\u00bburl\u00bb sticky_enabled=\u00bb0&#8243;][\/et_pb_image][et_pb_text _builder_version=\u00bb4.27.4&#8243; _module_preset=\u00bbdefault\u00bb custom_margin=\u00bb7%||||false|false\u00bb custom_margin_tablet=\u00bb7%||||false|false\u00bb custom_margin_phone=\u00bb7%||||false|false\u00bb custom_margin_last_edited=\u00bbon|desktop\u00bb global_colors_info=\u00bb{}\u00bb theme_builder_area=\u00bbpost_content\u00bb]<\/p>\n<p style=\"text-align: center;\"><span style=\"font-size: x-large; color: #ffffff;\"><strong data-start=\"17\" data-end=\"52\">Descubra el Pluvi\u00f3metro conectado de Weenat<\/strong><\/span><\/p>\n<p style=\"text-align: center;\"><span style=\"color: #ffffff;\">Para seguir <strong>en directo<\/strong> la lluvia, la temperatura y la humedad de sus parcelas.<\/span><\/p>\n<p>[\/et_pb_text][et_pb_code _builder_version=\u00bb4.27.4&#8243; _module_preset=\u00bbdefault\u00bb theme_builder_area=\u00bbpost_content\u00bb module_class=\u00bbhs-cta-trigger-   hs-cta-trigger-  -287293313225&#8243; hover_enabled=\u00bb0&#8243; sticky_enabled=\u00bb0&#8243;]<center><\/p>\n<div class=\"hs-cta-embed hs-cta-simple-placeholder hs-cta-embed-287293314293\"<!-- [et_pb_line_break_holder] -->  style=\u00bbmax-width:100%; max-height:100%; width:240px;height:42.3984375px\u00bb data-hubspot-wrapper-cta-id=\u00bb287293314293&#8243;><!-- [et_pb_line_break_holder] -->  <a href=\"https:\/\/cta-eu1.hubspot.com\/web-interactives\/public\/v1\/track\/redirect?encryptedPayload=AVxigLJx8eAN%2BJDKVVTsVmNtXL6p%2FGxSNPpDBU%2B65BBGI4WLo%2FdTvrhLtpMfbwm9ny4y4daa8VrMZd6mcSrRAWwmk4phXET2XT3hz%2BFP2ob1Da%2BKrG8%3D&#038;webInteractiveContentId=287293314293&#038;portalId=145695827\" target=\"_blank\" rel=\"noopener\" crossorigin=\"anonymous\"><!-- [et_pb_line_break_holder] -->    <img decoding=\"async\" alt=\"PEDIR PRESUPUESTO\" loading=\"lazy\" src=\"https:\/\/hubspot-no-cache-eu1-prod.s3.amazonaws.com\/cta\/default\/145695827\/interactive-287293314293.png\" style=\"height: 100%; width: 100%; object-fit: fill\"<!-- [et_pb_line_break_holder] -->      onerror=\u00bbthis.style.display=&#8217;none'\u00bb \/><!-- [et_pb_line_break_holder] -->  <\/a><!-- [et_pb_line_break_holder] --><\/div>\n<p>[\/et_pb_code][\/et_pb_column][\/et_pb_row][et_pb_row _builder_version=\u00bb4.24.0&#8243; _module_preset=\u00bbdefault\u00bb global_colors_info=\u00bb{}\u00bb theme_builder_area=\u00bbpost_content\u00bb][et_pb_column type=\u00bb4_4&#8243; _builder_version=\u00bb4.24.0&#8243; _module_preset=\u00bbdefault\u00bb global_colors_info=\u00bb{}\u00bb theme_builder_area=\u00bbpost_content\u00bb][et_pb_image src=\u00bbhttps:\/\/preprod.weenat.com\/wp-content\/uploads\/2025\/06\/Plantilla-Reserva-hidrica-Cuadrado82_7-min.webp\u00bb alt=\u00bbreserva hidrica espana\u00bb _builder_version=\u00bb4.27.4&#8243; _module_preset=\u00bbdefault\u00bb width=\u00bb70%\u00bb module_alignment=\u00bbcenter\u00bb module_alignment_tablet=\u00bbcenter\u00bb module_alignment_phone=\u00bbcenter\u00bb module_alignment_last_edited=\u00bbon|phone\u00bb global_colors_info=\u00bb{}\u00bb theme_builder_area=\u00bbpost_content\u00bb][\/et_pb_image][et_pb_text _builder_version=\u00bb4.24.0&#8243; _module_preset=\u00bbdefault\u00bb global_colors_info=\u00bb{}\u00bb theme_builder_area=\u00bbpost_content\u00bb]<\/p>\n<p><span data-contrast=\"auto\">Como podemos ver en el mapa de la reserva hidr\u00e1ulica elaborado por el <strong><a href=\"https:\/\/www.miteco.gob.es\/es.html\">Ministerio para la Transici\u00f3n Ecol\u00f3gica y el Reto Demogr\u00e1fico<\/a><\/strong>, las lluvias de la primavera de 2025 han tenido un <strong>impacto positivo en las reservas<\/strong>.<\/span><span data-ccp-props=\"{&quot;134233117&quot;:false,&quot;134233118&quot;:false,&quot;335551550&quot;:0,&quot;335551620&quot;:0,&quot;335559738&quot;:240,&quot;335559739&quot;:240}\">\u00a0<\/span><\/p>\n<p><span data-contrast=\"auto\">Incluso en las regiones con precipitaci\u00f3n reducida, observamos una mejora del nivel de los acu\u00edferos respecto a la recarga invernal. Las intensas l<strong>luvias de marzo, cuando los cultivos a\u00fan no estaban desarrollados, facilitaron la infiltraci\u00f3n del agua en estos acu\u00edferos.<\/strong><\/span><strong>\u00a0<\/strong><\/p>\n<p><span data-contrast=\"auto\">A la salida del invierno, el nivel de recarga de los acu\u00edferos de Segura era del <strong>22,5\u202f%<\/strong> (<strong><a href=\"https:\/\/weenat.com\/es\/recarga-invernal-2024-2025-cual-es-el-estado-de-los-acuiferos-en-abril\/\">cifras de marzo de 2025<\/a><\/strong>) frente al <strong>31,2\u202f%<\/strong> en junio. Un esquema similar en Guadalquivir, con un <strong>43,2\u202f%<\/strong> en marzo de 2025 frente al <strong>58,8\u202f%<\/strong> en este mes. \u00a1Una magn\u00edfica progresi\u00f3n!<\/span><span data-ccp-props=\"{&quot;134233117&quot;:false,&quot;134233118&quot;:false,&quot;335551550&quot;:0,&quot;335551620&quot;:0,&quot;335559738&quot;:240,&quot;335559739&quot;:240}\">\u00a0<\/span><\/p>\n<p>[\/et_pb_text][\/et_pb_column][\/et_pb_row][et_pb_row _builder_version=\u00bb4.24.0&#8243; _module_preset=\u00bbdefault\u00bb global_colors_info=\u00bb{}\u00bb theme_builder_area=\u00bbpost_content\u00bb][et_pb_column type=\u00bb4_4&#8243; _builder_version=\u00bb4.24.0&#8243; _module_preset=\u00bbdefault\u00bb global_colors_info=\u00bb{}\u00bb theme_builder_area=\u00bbpost_content\u00bb][et_pb_text _builder_version=\u00bb4.27.4&#8243; _module_preset=\u00bba911bbfb-d5ea-4b1c-a805-a3c8d79268a7&#8243; global_colors_info=\u00bb{}\u00bb theme_builder_area=\u00bbpost_content\u00bb]<\/p>\n<h2 aria-level=\"2\">Una evapotranspiraci\u00f3n reveladora de las condiciones t\u00e9rmicas<\/h2>\n<p>[\/et_pb_text][et_pb_image src=\u00bbhttps:\/\/preprod.weenat.com\/wp-content\/uploads\/2025\/06\/Comm_2025_ESP_spring_2025_daily_ETP-2-_1_-min-scaled-1.webp\u00bb alt=\u00bbCumul d&#8217;\u00e9vapotranspiration printemps 2025 france\u00bb _builder_version=\u00bb4.27.4&#8243; _module_preset=\u00bbdefault\u00bb width=\u00bb70%\u00bb module_alignment=\u00bbcenter\u00bb module_alignment_tablet=\u00bbcenter\u00bb module_alignment_phone=\u00bbcenter\u00bb module_alignment_last_edited=\u00bbon|phone\u00bb global_colors_info=\u00bb{}\u00bb theme_builder_area=\u00bbpost_content\u00bb][\/et_pb_image][et_pb_text _builder_version=\u00bb4.24.0&#8243; _module_preset=\u00bbdefault\u00bb global_colors_info=\u00bb{}\u00bb theme_builder_area=\u00bbpost_content\u00bb]<\/p>\n<p><span data-contrast=\"auto\">El examen de la <strong>evapotranspiraci\u00f3n potencial acumulada<\/strong> (ETP) para la primavera de 2025 muestra una distribuci\u00f3n coherente con las condiciones estacionales. Las regiones meridionales (especialmente en Almer\u00eda, Valencia o la zona de Valladolid) registran los valores m\u00e1s elevados, <strong>generalmente entre 300 y 375\u202fmm entre marzo y mayo<\/strong>, reflejando un fuerte soleamiento en estos territorios.<\/span><span data-ccp-props=\"{&quot;134233117&quot;:false,&quot;134233118&quot;:false,&quot;335551550&quot;:0,&quot;335551620&quot;:0,&quot;335559738&quot;:240,&quot;335559739&quot;:240}\">\u00a0<\/span><\/p>\n<p><span data-contrast=\"auto\">Las regiones septentrionales presentan ETP m\u00e1s moderadas, <strong>a menudo entre 200 y 275\u202fmm<\/strong>, mientras que las zonas de monta\u00f1a mantienen valores habitualmente <strong>inferiores a 250\u202fmm<\/strong>. Esto ha contribuido al mantenimiento del nivel de la reserva hidr\u00e1ulica en estas \u00e1reas.<\/span><span data-ccp-props=\"{&quot;134233117&quot;:false,&quot;134233118&quot;:false,&quot;335551550&quot;:0,&quot;335551620&quot;:0,&quot;335559738&quot;:240,&quot;335559739&quot;:240}\">\u00a0<\/span><\/p>\n<p>[\/et_pb_text][\/et_pb_column][\/et_pb_row][et_pb_row _builder_version=\u00bb4.24.0&#8243; _module_preset=\u00bbdefault\u00bb locked=\u00bboff\u00bb global_colors_info=\u00bb{}\u00bb theme_builder_area=\u00bbpost_content\u00bb][et_pb_column type=\u00bb4_4&#8243; _builder_version=\u00bb4.24.0&#8243; _module_preset=\u00bbdefault\u00bb global_colors_info=\u00bb{}\u00bb theme_builder_area=\u00bbpost_content\u00bb][et_pb_text _builder_version=\u00bb4.24.0&#8243; _module_preset=\u00bbdefault\u00bb global_colors_info=\u00bb{}\u00bb theme_builder_area=\u00bbpost_content\u00bb]<\/p>\n<p>Tambi\u00e9n para leer: <strong><a href=\"https:\/\/weenat.com\/es\/recarga-invernal-2024-2025-cual-es-el-estado-de-los-acuiferos-en-abril\/\">Recarga invernal 2024-2025 en Europa y Espa\u00f1a: \u00bfcu\u00e1l es el estado de los acu\u00edferos en abril?<\/a><\/strong><\/p>\n<p>[\/et_pb_text][\/et_pb_column][\/et_pb_row][et_pb_row _builder_version=\u00bb4.24.0&#8243; _module_preset=\u00bbdefault\u00bb global_colors_info=\u00bb{}\u00bb theme_builder_area=\u00bbpost_content\u00bb][et_pb_column type=\u00bb4_4&#8243; _builder_version=\u00bb4.24.0&#8243; _module_preset=\u00bbdefault\u00bb global_colors_info=\u00bb{}\u00bb theme_builder_area=\u00bbpost_content\u00bb][et_pb_text _builder_version=\u00bb4.27.4&#8243; _module_preset=\u00bba911bbfb-d5ea-4b1c-a805-a3c8d79268a7&#8243; global_colors_info=\u00bb{}\u00bb theme_builder_area=\u00bbpost_content\u00bb]<\/p>\n<h2 aria-level=\"2\">\u00bfCu\u00e1l es la situaci\u00f3n del d\u00e9ficit h\u00eddrico en Espa\u00f1a?<\/h2>\n<p>[\/et_pb_text][et_pb_image src=\u00bbhttps:\/\/preprod.weenat.com\/wp-content\/uploads\/2025\/06\/Comm_2025_ESP_spring_2025_daily_PRECIP-ETP-4-min-scaled-1.webp\u00bb alt=\u00bbdeficit-hydrique-printemps-2025-france\u00bb _builder_version=\u00bb4.27.4&#8243; _module_preset=\u00bbdefault\u00bb width=\u00bb70%\u00bb module_alignment=\u00bbcenter\u00bb module_alignment_tablet=\u00bbcenter\u00bb module_alignment_phone=\u00bbcenter\u00bb module_alignment_last_edited=\u00bbon|phone\u00bb global_colors_info=\u00bb{}\u00bb theme_builder_area=\u00bbpost_content\u00bb][\/et_pb_image][et_pb_text _builder_version=\u00bb4.24.0&#8243; _module_preset=\u00bbdefault\u00bb global_colors_info=\u00bb{}\u00bb theme_builder_area=\u00bbpost_content\u00bb]<\/p>\n<p><span data-contrast=\"auto\">A pesar de las abundantes precipitaciones en muchas partes del territorio espa\u00f1ol, el d\u00e9ficit h\u00eddrico sigue siendo importante, sobre todo en la costa mediterr\u00e1nea (hacia Almer\u00eda y Valencia). Los d\u00e9ficits, generalmente entre <strong>-100 y -250\u202fmm<\/strong>, siguen siendo preocupantes.<\/span><span data-ccp-props=\"{&quot;134233117&quot;:false,&quot;134233118&quot;:false,&quot;335551550&quot;:0,&quot;335551620&quot;:0,&quot;335559738&quot;:240,&quot;335559739&quot;:240}\">\u00a0<\/span><\/p>\n<p><span data-contrast=\"auto\">Las regiones centrales y occidentales muestran valores m\u00e1s positivos, alcanzando <strong>+100 a +200\u202fmm<\/strong> en algunos sectores de Madrid y Castilla y Le\u00f3n.<\/span><span data-ccp-props=\"{&quot;134233117&quot;:false,&quot;134233118&quot;:false,&quot;335551550&quot;:0,&quot;335551620&quot;:0,&quot;335559738&quot;:240,&quot;335559739&quot;:240}\">\u00a0<\/span><\/p>\n<p><span data-contrast=\"auto\">La Andaluc\u00eda occidental, especialmente en torno a Sevilla, goza de un equilibrio h\u00eddrico favorable a pesar de una evapotranspiraci\u00f3n elevada, gracias a las precipitaciones substanciales de la primavera. Esta situaci\u00f3n representa un cambio notable respecto a a\u00f1os anteriores, en que esta regi\u00f3n sufr\u00eda estr\u00e9s h\u00eddrico recurrente.<\/span><span data-ccp-props=\"{&quot;134233117&quot;:false,&quot;134233118&quot;:false,&quot;335551550&quot;:0,&quot;335551620&quot;:0,&quot;335559738&quot;:240,&quot;335559739&quot;:240}\">\u00a0<\/span><\/p>\n<p>[\/et_pb_text][\/et_pb_column][\/et_pb_row][et_pb_row _builder_version=\u00bb4.24.0&#8243; _module_preset=\u00bbdefault\u00bb global_colors_info=\u00bb{}\u00bb theme_builder_area=\u00bbpost_content\u00bb][et_pb_column type=\u00bb4_4&#8243; _builder_version=\u00bb4.24.0&#8243; _module_preset=\u00bbdefault\u00bb global_colors_info=\u00bb{}\u00bb theme_builder_area=\u00bbpost_content\u00bb][et_pb_text _builder_version=\u00bb4.27.4&#8243; _module_preset=\u00bba911bbfb-d5ea-4b1c-a805-a3c8d79268a7&#8243; global_colors_info=\u00bb{}\u00bb theme_builder_area=\u00bbpost_content\u00bb]<\/p>\n<h2 aria-level=\"2\">Retorno de condiciones favorables para la agricultura<\/h2>\n<p>[\/et_pb_text][et_pb_text _builder_version=\u00bb4.24.0&#8243; _module_preset=\u00bbdefault\u00bb global_colors_info=\u00bb{}\u00bb theme_builder_area=\u00bbpost_content\u00bb]<\/p>\n<p><span data-contrast=\"auto\">Para los agricultores espa\u00f1oles, la primavera de 2025 marca el regreso a unas <strong>condiciones m\u00e1s propicias tras varias temporadas dif\u00edciles.<\/strong><\/span><strong>\u00a0<\/strong><\/p>\n<p><span data-contrast=\"auto\">En las regiones centrales y occidentales, la mejora del suministro h\u00eddrico podr\u00eda reducir de forma significativa las necesidades de riego temprano en comparaci\u00f3n con a\u00f1os anteriores. Los cerealistas de Castilla\u2013La Mancha y Madrid podr\u00edan aprovechar las <strong>condiciones favorables para sus cultivos de primavera<\/strong>, en contraste con los estreses recurrentes de 2021\u20132023.<\/span><span data-ccp-props=\"{&quot;134233117&quot;:false,&quot;134233118&quot;:false,&quot;335551550&quot;:0,&quot;335551620&quot;:0,&quot;335559738&quot;:240,&quot;335559739&quot;:240}\">\u00a0<\/span><\/p>\n<p><span data-contrast=\"auto\">Los <strong>olivos y los cultivos hort\u00edcolas<\/strong>, que hab\u00edan sufrido estr\u00e9s h\u00eddrico importante durante los a\u00f1os secos, deber\u00edan recuperar un crecimiento m\u00e1s equilibrado gracias a las lluvias primaverales.<\/span><span data-ccp-props=\"{&quot;134233117&quot;:false,&quot;134233118&quot;:false,&quot;335551550&quot;:0,&quot;335551620&quot;:0,&quot;335559738&quot;:240,&quot;335559739&quot;:240}\">\u00a0<\/span><\/p>\n<p><span data-contrast=\"auto\">Sin embargo, las <strong>regiones mediterr\u00e1neas siguen siendo problem\u00e1ticas<\/strong>. Los agricultores valencianos y almerienses deben mantener una gesti\u00f3n del agua muy cuidadosa para evitar el estr\u00e9s h\u00eddrico en sus plantaciones.<\/span><span data-ccp-props=\"{&quot;134233117&quot;:false,&quot;134233118&quot;:false,&quot;335551550&quot;:0,&quot;335551620&quot;:0,&quot;335559738&quot;:240,&quot;335559739&quot;:240}\">\u00a0<\/span><\/p>\n<p>[\/et_pb_text][\/et_pb_column][\/et_pb_row][et_pb_row _builder_version=\u00bb4.27.4&#8243; _module_preset=\u00bbdefault\u00bb background_color=\u00bbrgba(1,114,164,0.1)\u00bb border_radii=\u00bbon|10px|10px|10px|10px\u00bb global_colors_info=\u00bb{}\u00bb theme_builder_area=\u00bbpost_content\u00bb][et_pb_column type=\u00bb4_4&#8243; _builder_version=\u00bb4.24.0&#8243; _module_preset=\u00bbdefault\u00bb global_colors_info=\u00bb{}\u00bb theme_builder_area=\u00bbpost_content\u00bb][et_pb_text _builder_version=\u00bb4.27.4&#8243; _module_preset=\u00bba911bbfb-d5ea-4b1c-a805-a3c8d79268a7&#8243; global_colors_info=\u00bb{}\u00bb theme_builder_area=\u00bbpost_content\u00bb]<\/p>\n<h2>Para profundizar<\/h2>\n<p>[\/et_pb_text][et_pb_text _builder_version=\u00bb4.27.4&#8243; _module_preset=\u00bbdefault\u00bb global_colors_info=\u00bb{}\u00bb theme_builder_area=\u00bbpost_content\u00bb]<\/p>\n<p><span data-contrast=\"auto\">Las <strong>disparidades regionales<\/strong> en Espa\u00f1a, puestas de relieve por el d\u00e9ficit h\u00eddrico seg\u00fan M\u00e9t\u00e9o Vision, recuerdan la importancia crucial de un monitoreo <strong>agrometeorol\u00f3gico continuo para anticipar las necesidades<\/strong> de riego y asegurar las cosechas.<\/span><span data-ccp-props=\"{&quot;134233117&quot;:false,&quot;134233118&quot;:false,&quot;335551550&quot;:0,&quot;335551620&quot;:0,&quot;335559738&quot;:240,&quot;335559739&quot;:240}\">\u00a0<\/span><\/p>\n<p>[\/et_pb_text][et_pb_image src=\u00bbhttps:\/\/weenat.com\/wp-content\/uploads\/2025\/04\/Sonde-capacitive-tensiometre-fertirigation-que-choisir-1.webp\u00bb alt=\u00bbIrrigation agricole quelle sonde d&#8217;humidit\u00e9 du sol choisir\u00bb _builder_version=\u00bb4.27.4&#8243; _module_preset=\u00bbdefault\u00bb global_colors_info=\u00bb{}\u00bb theme_builder_area=\u00bbpost_content\u00bb][\/et_pb_image][et_pb_text _builder_version=\u00bb4.24.0&#8243; _module_preset=\u00bbdefault\u00bb global_colors_info=\u00bb{}\u00bb theme_builder_area=\u00bbpost_content\u00bb]<\/p>\n<p><span data-contrast=\"auto\">Las <strong><a href=\"https:\/\/weenat.com\/es\/sensores\/\">herramientas de pilotaje<\/a><\/strong> de Weenat ofrecen un seguimiento en tiempo real del estado h\u00eddrico del suelo, directamente en la parcela. Un dato valioso para ayudar a los agricultores a ajustar el aporte de agua con la m\u00e1xima precisi\u00f3n.<\/span><span data-ccp-props=\"{&quot;134233117&quot;:false,&quot;134233118&quot;:false,&quot;335551550&quot;:0,&quot;335551620&quot;:0,&quot;335559738&quot;:240,&quot;335559739&quot;:240}\">\u00a0<\/span><\/p>\n<p>[\/et_pb_text][et_pb_code _builder_version=\u00bb4.27.4&#8243; _module_preset=\u00bbdefault\u00bb theme_builder_area=\u00bbpost_content\u00bb module_class=\u00bbhs-cta-trigger-   hs-cta-trigger-  -287293313266&#8243; hover_enabled=\u00bb0&#8243; sticky_enabled=\u00bb0&#8243;]<center><\/p>\n<div class=\"hs-cta-embed hs-cta-simple-placeholder hs-cta-embed-287312039101\"<!-- [et_pb_line_break_holder] -->  style=\u00bbmax-width:100%; max-height:100%; width:240px;height:42.3984375px\u00bb data-hubspot-wrapper-cta-id=\u00bb287312039101&#8243;><!-- [et_pb_line_break_holder] -->  <a href=\"https:\/\/cta-eu1.hubspot.com\/web-interactives\/public\/v1\/track\/redirect?encryptedPayload=AVxigLIr8wCiX3ruk5iS1tW2bHrnKLhsOHLt%2F0GfMUnv60WD1tVLgyHEGSiv%2BS7mwLXQcXEpMcbRok%2F9ijCvwCG5fkCWQG4hh%2BJUKeOXCSr4yKNQebY%3D&#038;webInteractiveContentId=287312039101&#038;portalId=145695827\" target=\"_blank\" rel=\"noopener\" crossorigin=\"anonymous\"><!-- [et_pb_line_break_holder] -->    <img decoding=\"async\" alt=\"PEDIR PRESUPUESTO\" loading=\"lazy\" src=\"https:\/\/hubspot-no-cache-eu1-prod.s3.amazonaws.com\/cta\/default\/145695827\/interactive-287312039101.png\" style=\"height: 100%; width: 100%; object-fit: fill\"<!-- [et_pb_line_break_holder] -->      onerror=\u00bbthis.style.display=&#8217;none'\u00bb \/><!-- [et_pb_line_break_holder] -->  <\/a><!-- [et_pb_line_break_holder] --><\/div>\n<p>[\/et_pb_code][\/et_pb_column][\/et_pb_row][\/et_pb_section]<\/p>\n","protected":false},"excerpt":{"rendered":"<p>La primavera de 2025 supuso una clara ruptura con respecto a a\u00f1os anteriores en Espa\u00f1a. Este a\u00f1o se ha caracterizado por el retorno de las precipitaciones en numerosas regiones tras los periodos especialmente secos de 2021 y 2023. La situaci\u00f3n h\u00eddrica ha mejorado de forma notable, especialmente en las zonas centrales y occidentales, aunque algunos [&hellip;]<\/p>\n","protected":false},"author":7,"featured_media":284258,"comment_status":"open","ping_status":"open","sticky":false,"template":"","format":"standard","meta":{"_et_pb_use_builder":"on","_et_pb_old_content":"","_et_gb_content_width":"","footnotes":""},"categories":[138],"tags":[],"class_list":["post-284172","post","type-post","status-publish","format-standard","has-post-thumbnail","hentry","category-meteorologia-agricola"],"yoast_head":"<!-- This site is optimized with the Yoast SEO plugin v25.8 - https:\/\/yoast.com\/wordpress\/plugins\/seo\/ -->\n<title>Una primavera de 2025 bastante beneficiosa en Espa\u00f1a<\/title>\n<meta name=\"description\" content=\"La primavera 2025 trajo lluvias abundantes a gran parte de Espa\u00f1a, mejorando las reservas h\u00eddricas tras a\u00f1os secos. Un respiro para la agricultura.\" \/>\n<meta name=\"robots\" content=\"noindex, follow, max-snippet:-1, max-image-preview:large, max-video-preview:-1\" \/>\n<meta property=\"og:locale\" content=\"es_ES\" \/>\n<meta property=\"og:type\" content=\"article\" \/>\n<meta property=\"og:title\" content=\"Una primavera de 2025 bastante beneficiosa en Espa\u00f1a\" \/>\n<meta property=\"og:description\" content=\"La primavera 2025 trajo lluvias abundantes a gran parte de Espa\u00f1a, mejorando las reservas h\u00eddricas tras a\u00f1os secos. Un respiro para la agricultura.\" \/>\n<meta property=\"og:url\" content=\"https:\/\/preprod.weenat.com\/es\/una-primavera-de-2025-bastante-beneficiosa-en-espana\/\" \/>\n<meta property=\"og:site_name\" content=\"Weenat\" \/>\n<meta property=\"article:published_time\" content=\"2025-06-10T08:30:54+00:00\" \/>\n<meta property=\"article:modified_time\" content=\"2025-12-12T06:47:28+00:00\" \/>\n<meta property=\"og:image\" content=\"https:\/\/preprod.weenat.com\/wp-content\/uploads\/2023\/08\/dave-IRHNxX5y_hg-unsplash-champs-mais-pluie-2.webp\" \/>\n\t<meta property=\"og:image:width\" content=\"2000\" \/>\n\t<meta property=\"og:image:height\" content=\"1429\" \/>\n\t<meta property=\"og:image:type\" content=\"image\/webp\" \/>\n<meta name=\"author\" content=\"Guillaume Dechandon\" \/>\n<meta name=\"twitter:card\" content=\"summary_large_image\" \/>\n<meta name=\"twitter:label1\" content=\"Escrito por\" \/>\n\t<meta name=\"twitter:data1\" content=\"Guillaume Dechandon\" \/>\n\t<meta name=\"twitter:label2\" content=\"Tiempo de lectura\" \/>\n\t<meta name=\"twitter:data2\" content=\"7 minutos\" \/>\n<script type=\"application\/ld+json\" class=\"yoast-schema-graph\">{\"@context\":\"https:\/\/schema.org\",\"@graph\":[{\"@type\":\"WebPage\",\"@id\":\"https:\/\/preprod.weenat.com\/es\/una-primavera-de-2025-bastante-beneficiosa-en-espana\/\",\"url\":\"https:\/\/preprod.weenat.com\/es\/una-primavera-de-2025-bastante-beneficiosa-en-espana\/\",\"name\":\"Una primavera de 2025 bastante beneficiosa en Espa\u00f1a\",\"isPartOf\":{\"@id\":\"https:\/\/preprod.weenat.com\/es\/#website\"},\"primaryImageOfPage\":{\"@id\":\"https:\/\/preprod.weenat.com\/es\/una-primavera-de-2025-bastante-beneficiosa-en-espana\/#primaryimage\"},\"image\":{\"@id\":\"https:\/\/preprod.weenat.com\/es\/una-primavera-de-2025-bastante-beneficiosa-en-espana\/#primaryimage\"},\"thumbnailUrl\":\"https:\/\/preprod.weenat.com\/wp-content\/uploads\/2023\/08\/dave-IRHNxX5y_hg-unsplash-champs-mais-pluie-2.webp\",\"datePublished\":\"2025-06-10T08:30:54+00:00\",\"dateModified\":\"2025-12-12T06:47:28+00:00\",\"author\":{\"@id\":\"https:\/\/preprod.weenat.com\/es\/#\/schema\/person\/6a8fcf8e17e1f82d625f54877f8e55c6\"},\"description\":\"La primavera 2025 trajo lluvias abundantes a gran parte de Espa\u00f1a, mejorando las reservas h\u00eddricas tras a\u00f1os secos. Un respiro para la agricultura.\",\"breadcrumb\":{\"@id\":\"https:\/\/preprod.weenat.com\/es\/una-primavera-de-2025-bastante-beneficiosa-en-espana\/#breadcrumb\"},\"inLanguage\":\"es\",\"potentialAction\":[{\"@type\":\"ReadAction\",\"target\":[\"https:\/\/preprod.weenat.com\/es\/una-primavera-de-2025-bastante-beneficiosa-en-espana\/\"]}]},{\"@type\":\"ImageObject\",\"inLanguage\":\"es\",\"@id\":\"https:\/\/preprod.weenat.com\/es\/una-primavera-de-2025-bastante-beneficiosa-en-espana\/#primaryimage\",\"url\":\"https:\/\/preprod.weenat.com\/wp-content\/uploads\/2023\/08\/dave-IRHNxX5y_hg-unsplash-champs-mais-pluie-2.webp\",\"contentUrl\":\"https:\/\/preprod.weenat.com\/wp-content\/uploads\/2023\/08\/dave-IRHNxX5y_hg-unsplash-champs-mais-pluie-2.webp\",\"width\":2000,\"height\":1429,\"caption\":\"champs de ma\u00efs\"},{\"@type\":\"BreadcrumbList\",\"@id\":\"https:\/\/preprod.weenat.com\/es\/una-primavera-de-2025-bastante-beneficiosa-en-espana\/#breadcrumb\",\"itemListElement\":[{\"@type\":\"ListItem\",\"position\":1,\"name\":\"Weenat\",\"item\":\"https:\/\/preprod.weenat.com\/es\/\"},{\"@type\":\"ListItem\",\"position\":2,\"name\":\"Una primavera de 2025 bastante beneficiosa en Espa\u00f1a: retorno de las precipitaciones en muchas zonas del territorio, tras varios a\u00f1os de d\u00e9ficit\u00a0\"}]},{\"@type\":\"WebSite\",\"@id\":\"https:\/\/preprod.weenat.com\/es\/#website\",\"url\":\"https:\/\/preprod.weenat.com\/es\/\",\"name\":\"Weenat\",\"description\":\"\",\"potentialAction\":[{\"@type\":\"SearchAction\",\"target\":{\"@type\":\"EntryPoint\",\"urlTemplate\":\"https:\/\/preprod.weenat.com\/es\/?s={search_term_string}\"},\"query-input\":{\"@type\":\"PropertyValueSpecification\",\"valueRequired\":true,\"valueName\":\"search_term_string\"}}],\"inLanguage\":\"es\"},{\"@type\":\"Person\",\"@id\":\"https:\/\/preprod.weenat.com\/es\/#\/schema\/person\/6a8fcf8e17e1f82d625f54877f8e55c6\",\"name\":\"Guillaume Dechandon\",\"image\":{\"@type\":\"ImageObject\",\"inLanguage\":\"es\",\"@id\":\"https:\/\/preprod.weenat.com\/es\/#\/schema\/person\/image\/\",\"url\":\"https:\/\/secure.gravatar.com\/avatar\/fbd215e250c16cd4591e78d6c548a4b69a9ceacfd4e680867ceefdf8ba04188c?s=96&d=mm&r=g\",\"contentUrl\":\"https:\/\/secure.gravatar.com\/avatar\/fbd215e250c16cd4591e78d6c548a4b69a9ceacfd4e680867ceefdf8ba04188c?s=96&d=mm&r=g\",\"caption\":\"Guillaume Dechandon\"},\"url\":\"https:\/\/preprod.weenat.com\/es\/author\/guillaume\/\"}]}<\/script>\n<!-- \/ Yoast SEO plugin. -->","yoast_head_json":{"title":"Una primavera de 2025 bastante beneficiosa en Espa\u00f1a","description":"La primavera 2025 trajo lluvias abundantes a gran parte de Espa\u00f1a, mejorando las reservas h\u00eddricas tras a\u00f1os secos. Un respiro para la agricultura.","robots":{"index":"noindex","follow":"follow","max-snippet":"max-snippet:-1","max-image-preview":"max-image-preview:large","max-video-preview":"max-video-preview:-1"},"og_locale":"es_ES","og_type":"article","og_title":"Una primavera de 2025 bastante beneficiosa en Espa\u00f1a","og_description":"La primavera 2025 trajo lluvias abundantes a gran parte de Espa\u00f1a, mejorando las reservas h\u00eddricas tras a\u00f1os secos. Un respiro para la agricultura.","og_url":"https:\/\/preprod.weenat.com\/es\/una-primavera-de-2025-bastante-beneficiosa-en-espana\/","og_site_name":"Weenat","article_published_time":"2025-06-10T08:30:54+00:00","article_modified_time":"2025-12-12T06:47:28+00:00","og_image":[{"width":2000,"height":1429,"url":"https:\/\/preprod.weenat.com\/wp-content\/uploads\/2023\/08\/dave-IRHNxX5y_hg-unsplash-champs-mais-pluie-2.webp","type":"image\/webp"}],"author":"Guillaume Dechandon","twitter_card":"summary_large_image","twitter_misc":{"Escrito por":"Guillaume Dechandon","Tiempo de lectura":"7 minutos"},"schema":{"@context":"https:\/\/schema.org","@graph":[{"@type":"WebPage","@id":"https:\/\/preprod.weenat.com\/es\/una-primavera-de-2025-bastante-beneficiosa-en-espana\/","url":"https:\/\/preprod.weenat.com\/es\/una-primavera-de-2025-bastante-beneficiosa-en-espana\/","name":"Una primavera de 2025 bastante beneficiosa en Espa\u00f1a","isPartOf":{"@id":"https:\/\/preprod.weenat.com\/es\/#website"},"primaryImageOfPage":{"@id":"https:\/\/preprod.weenat.com\/es\/una-primavera-de-2025-bastante-beneficiosa-en-espana\/#primaryimage"},"image":{"@id":"https:\/\/preprod.weenat.com\/es\/una-primavera-de-2025-bastante-beneficiosa-en-espana\/#primaryimage"},"thumbnailUrl":"https:\/\/preprod.weenat.com\/wp-content\/uploads\/2023\/08\/dave-IRHNxX5y_hg-unsplash-champs-mais-pluie-2.webp","datePublished":"2025-06-10T08:30:54+00:00","dateModified":"2025-12-12T06:47:28+00:00","author":{"@id":"https:\/\/preprod.weenat.com\/es\/#\/schema\/person\/6a8fcf8e17e1f82d625f54877f8e55c6"},"description":"La primavera 2025 trajo lluvias abundantes a gran parte de Espa\u00f1a, mejorando las reservas h\u00eddricas tras a\u00f1os secos. Un respiro para la agricultura.","breadcrumb":{"@id":"https:\/\/preprod.weenat.com\/es\/una-primavera-de-2025-bastante-beneficiosa-en-espana\/#breadcrumb"},"inLanguage":"es","potentialAction":[{"@type":"ReadAction","target":["https:\/\/preprod.weenat.com\/es\/una-primavera-de-2025-bastante-beneficiosa-en-espana\/"]}]},{"@type":"ImageObject","inLanguage":"es","@id":"https:\/\/preprod.weenat.com\/es\/una-primavera-de-2025-bastante-beneficiosa-en-espana\/#primaryimage","url":"https:\/\/preprod.weenat.com\/wp-content\/uploads\/2023\/08\/dave-IRHNxX5y_hg-unsplash-champs-mais-pluie-2.webp","contentUrl":"https:\/\/preprod.weenat.com\/wp-content\/uploads\/2023\/08\/dave-IRHNxX5y_hg-unsplash-champs-mais-pluie-2.webp","width":2000,"height":1429,"caption":"champs de ma\u00efs"},{"@type":"BreadcrumbList","@id":"https:\/\/preprod.weenat.com\/es\/una-primavera-de-2025-bastante-beneficiosa-en-espana\/#breadcrumb","itemListElement":[{"@type":"ListItem","position":1,"name":"Weenat","item":"https:\/\/preprod.weenat.com\/es\/"},{"@type":"ListItem","position":2,"name":"Una primavera de 2025 bastante beneficiosa en Espa\u00f1a: retorno de las precipitaciones en muchas zonas del territorio, tras varios a\u00f1os de d\u00e9ficit\u00a0"}]},{"@type":"WebSite","@id":"https:\/\/preprod.weenat.com\/es\/#website","url":"https:\/\/preprod.weenat.com\/es\/","name":"Weenat","description":"","potentialAction":[{"@type":"SearchAction","target":{"@type":"EntryPoint","urlTemplate":"https:\/\/preprod.weenat.com\/es\/?s={search_term_string}"},"query-input":{"@type":"PropertyValueSpecification","valueRequired":true,"valueName":"search_term_string"}}],"inLanguage":"es"},{"@type":"Person","@id":"https:\/\/preprod.weenat.com\/es\/#\/schema\/person\/6a8fcf8e17e1f82d625f54877f8e55c6","name":"Guillaume Dechandon","image":{"@type":"ImageObject","inLanguage":"es","@id":"https:\/\/preprod.weenat.com\/es\/#\/schema\/person\/image\/","url":"https:\/\/secure.gravatar.com\/avatar\/fbd215e250c16cd4591e78d6c548a4b69a9ceacfd4e680867ceefdf8ba04188c?s=96&d=mm&r=g","contentUrl":"https:\/\/secure.gravatar.com\/avatar\/fbd215e250c16cd4591e78d6c548a4b69a9ceacfd4e680867ceefdf8ba04188c?s=96&d=mm&r=g","caption":"Guillaume Dechandon"},"url":"https:\/\/preprod.weenat.com\/es\/author\/guillaume\/"}]}},"_links":{"self":[{"href":"https:\/\/preprod.weenat.com\/es\/wp-json\/wp\/v2\/posts\/284172","targetHints":{"allow":["GET"]}}],"collection":[{"href":"https:\/\/preprod.weenat.com\/es\/wp-json\/wp\/v2\/posts"}],"about":[{"href":"https:\/\/preprod.weenat.com\/es\/wp-json\/wp\/v2\/types\/post"}],"author":[{"embeddable":true,"href":"https:\/\/preprod.weenat.com\/es\/wp-json\/wp\/v2\/users\/7"}],"replies":[{"embeddable":true,"href":"https:\/\/preprod.weenat.com\/es\/wp-json\/wp\/v2\/comments?post=284172"}],"version-history":[{"count":9,"href":"https:\/\/preprod.weenat.com\/es\/wp-json\/wp\/v2\/posts\/284172\/revisions"}],"predecessor-version":[{"id":291794,"href":"https:\/\/preprod.weenat.com\/es\/wp-json\/wp\/v2\/posts\/284172\/revisions\/291794"}],"wp:featuredmedia":[{"embeddable":true,"href":"https:\/\/preprod.weenat.com\/es\/wp-json\/wp\/v2\/media\/284258"}],"wp:attachment":[{"href":"https:\/\/preprod.weenat.com\/es\/wp-json\/wp\/v2\/media?parent=284172"}],"wp:term":[{"taxonomy":"category","embeddable":true,"href":"https:\/\/preprod.weenat.com\/es\/wp-json\/wp\/v2\/categories?post=284172"},{"taxonomy":"post_tag","embeddable":true,"href":"https:\/\/preprod.weenat.com\/es\/wp-json\/wp\/v2\/tags?post=284172"}],"curies":[{"name":"wp","href":"https:\/\/api.w.org\/{rel}","templated":true}]}}