{"id":282682,"date":"2025-04-16T10:34:45","date_gmt":"2025-04-16T08:34:45","guid":{"rendered":"https:\/\/weenat.com\/?p=282682"},"modified":"2025-12-09T12:05:17","modified_gmt":"2025-12-09T11:05:17","slug":"recarga-invernal-2024-2025-cual-es-el-estado-de-los-acuiferos-en-abril","status":"publish","type":"post","link":"https:\/\/preprod.weenat.com\/es\/recarga-invernal-2024-2025-cual-es-el-estado-de-los-acuiferos-en-abril\/","title":{"rendered":"Recarga invernal 2024-2025 en Europa y Espa\u00f1a: \u00bfcu\u00e1l es el estado de los acu\u00edferos en abril?"},"content":{"rendered":"<p>[et_pb_section fb_built=\u00bb1&#8243; _builder_version=\u00bb4.24.0&#8243; _module_preset=\u00bbdefault\u00bb global_colors_info=\u00bb{}\u00bb theme_builder_area=\u00bbpost_content\u00bb][et_pb_row _builder_version=\u00bb4.24.0&#8243; _module_preset=\u00bbdefault\u00bb global_colors_info=\u00bb{}\u00bb theme_builder_area=\u00bbpost_content\u00bb][et_pb_column type=\u00bb4_4&#8243; _builder_version=\u00bb4.24.0&#8243; _module_preset=\u00bbdefault\u00bb global_colors_info=\u00bb{}\u00bb theme_builder_area=\u00bbpost_content\u00bb][et_pb_text _builder_version=\u00bb4.24.0&#8243; _module_preset=\u00bbdefault\u00bb global_colors_info=\u00bb{}\u00bb theme_builder_area=\u00bbpost_content\u00bb]<\/p>\n<p>El invierno 2024-2025 ha estado marcado por una din\u00e1mica de recarga de los acu\u00edferos muy contrastada a escala de Francia y Europa occidental, como lo muestran los mapas del <strong><a href=\"https:\/\/www.miteco.gob.es\/es.html\">Ministerio para la Transici\u00f3n Ecol\u00f3gica y el Reto Demogr\u00e1fico<\/a><\/strong> y de Weenat. El an\u00e1lisis cruzado de estas dos fuentes permite comprender mejor los v\u00ednculos entre la distribuci\u00f3n de las precipitaciones y el estado de los acu\u00edferos al final del invierno.<\/p>\n<p>[\/et_pb_text][\/et_pb_column][\/et_pb_row][et_pb_row _builder_version=\u00bb4.24.0&#8243; _module_preset=\u00bbdefault\u00bb global_colors_info=\u00bb{}\u00bb theme_builder_area=\u00bbpost_content\u00bb][et_pb_column type=\u00bb4_4&#8243; _builder_version=\u00bb4.24.0&#8243; _module_preset=\u00bbdefault\u00bb global_colors_info=\u00bb{}\u00bb theme_builder_area=\u00bbpost_content\u00bb][et_pb_text _builder_version=\u00bb4.27.4&#8243; _module_preset=\u00bba911bbfb-d5ea-4b1c-a805-a3c8d79268a7&#8243; global_colors_info=\u00bb{}\u00bb theme_builder_area=\u00bbpost_content\u00bb]<\/p>\n<h2>Un invierno generoso en lluvias en el oeste de Europa<\/h2>\n<p>[\/et_pb_text][et_pb_image src=\u00bbhttps:\/\/preprod.weenat.com\/wp-content\/uploads\/2025\/04\/Precip_Europe_20241001_20250414-min-scaled-3.webp\u00bb alt=\u00bbAcumulaci\u00f3n de lluvia recarga invernal Weenat 2025&#8243; _builder_version=\u00bb4.27.4&#8243; _module_preset=\u00bbdefault\u00bb width=\u00bb70%\u00bb module_alignment=\u00bbcenter\u00bb module_alignment_tablet=\u00bbcenter\u00bb module_alignment_phone=\u00bbcenter\u00bb module_alignment_last_edited=\u00bbon|phone\u00bb global_colors_info=\u00bb{}\u00bb theme_builder_area=\u00bbpost_content\u00bb][\/et_pb_image][et_pb_text _builder_version=\u00bb4.27.4&#8243; _module_preset=\u00bbdefault\u00bb global_colors_info=\u00bb{}\u00bb theme_builder_area=\u00bbpost_content\u00bb]<\/p>\n<div>\n<p style=\"text-align: center;\"><em>Acumulaci\u00f3n de lluvia en Europa del 1 de octubre de 2024 al 14 de abril de 2025 \u2013 Datos <a href=\"https:\/\/weenat.com\/es\/aplicacion-meteorologica-agricola\/meteo-vision\/\">M\u00e9t\u00e9o Vision<\/a><\/em><\/p>\n<\/div>\n<p>[\/et_pb_text][\/et_pb_column][\/et_pb_row][et_pb_row _builder_version=\u00bb4.24.0&#8243; _module_preset=\u00bbdefault\u00bb global_colors_info=\u00bb{}\u00bb theme_builder_area=\u00bbpost_content\u00bb][et_pb_column type=\u00bb4_4&#8243; _builder_version=\u00bb4.24.0&#8243; _module_preset=\u00bbdefault\u00bb global_colors_info=\u00bb{}\u00bb theme_builder_area=\u00bbpost_content\u00bb][et_pb_text _builder_version=\u00bb4.24.0&#8243; _module_preset=\u00bbdefault\u00bb global_colors_info=\u00bb{}\u00bb theme_builder_area=\u00bbpost_content\u00bb]<\/p>\n<p>El mapa de acumulaci\u00f3n de precipitaciones de Weenat, que <strong>abarca el per\u00edodo de octubre de 2024 a abril de 2025<\/strong>, pone de manifiesto una distribuci\u00f3n muy contrastada de las lluvias a escala europea. El oeste del continente \u2014especialmente la fachada atl\u00e1ntica de Francia, Galicia, el norte de Portugal y el <strong>noroeste de Espa\u00f1a<\/strong>\u2014 ha recibido acumulaciones de lluvia muy importantes, a menudo superiores a los <strong>600 mm<\/strong>, e incluso localmente <strong>800 mm<\/strong>. Esta abundancia tambi\u00e9n se observa en las zonas monta\u00f1osas, especialmente en los Pirineos y los Alpes, que presentan algunas de las acumulaciones m\u00e1s elevadas de Europa occidental. En cambio, el sureste de Europa y el litoral mediterr\u00e1neo permanecen al margen de las grandes lluvias invernales, con acumulaciones frecuentemente inferiores a los <strong>300 mm<\/strong>.<\/p>\n<p>[\/et_pb_text][\/et_pb_column][\/et_pb_row][et_pb_row _builder_version=\u00bb4.24.0&#8243; _module_preset=\u00bbdefault\u00bb global_colors_info=\u00bb{}\u00bb theme_builder_area=\u00bbpost_content\u00bb][et_pb_column type=\u00bb4_4&#8243; _builder_version=\u00bb4.24.0&#8243; _module_preset=\u00bbdefault\u00bb global_colors_info=\u00bb{}\u00bb theme_builder_area=\u00bbpost_content\u00bb][et_pb_text _builder_version=\u00bb4.27.4&#8243; _module_preset=\u00bb65c18883-29a7-430c-8bf0-55f723063a9f\u00bb global_colors_info=\u00bb{}\u00bb theme_builder_area=\u00bbpost_content\u00bb]<\/p>\n<h3>Un marcado gradiente norte-sur<\/h3>\n<p>[\/et_pb_text][et_pb_image src=\u00bbhttps:\/\/preprod.weenat.com\/wp-content\/uploads\/2025\/04\/25_03_11Reserva-hidrica-Cuadrado-min.webp\u00bb alt=\u00bbReserva Hidrica Espana\u00bb _builder_version=\u00bb4.27.4&#8243; _module_preset=\u00bbdefault\u00bb width=\u00bb60%\u00bb module_alignment=\u00bbcenter\u00bb module_alignment_tablet=\u00bbcenter\u00bb module_alignment_phone=\u00bbcenter\u00bb module_alignment_last_edited=\u00bbon|phone\u00bb global_colors_info=\u00bb{}\u00bb theme_builder_area=\u00bbpost_content\u00bb][\/et_pb_image][et_pb_text _builder_version=\u00bb4.27.4&#8243; _module_preset=\u00bbdefault\u00bb global_colors_info=\u00bb{}\u00bb theme_builder_area=\u00bbpost_content\u00bb]<\/p>\n<p style=\"text-align: center;\">Reserva h\u00eddrica &#8211; <a href=\"https:\/\/www.miteco.gob.es\/es\/prensa\/ultimas-noticias\/2025\/marzo\/la-reserva-hidrica-espanola-se-encuentra-al-60-9--de-su-capacida.html\">Ministerio para la Transici\u00f3n Ecol\u00f3gica y el Reto Demogr\u00e1fico<\/a><\/p>\n<p>[\/et_pb_text][\/et_pb_column][\/et_pb_row][et_pb_row _builder_version=\u00bb4.24.0&#8243; _module_preset=\u00bbdefault\u00bb global_colors_info=\u00bb{}\u00bb theme_builder_area=\u00bbpost_content\u00bb][et_pb_column type=\u00bb4_4&#8243; _builder_version=\u00bb4.24.0&#8243; _module_preset=\u00bbdefault\u00bb global_colors_info=\u00bb{}\u00bb theme_builder_area=\u00bbpost_content\u00bb][et_pb_text _builder_version=\u00bb4.27.4&#8243; _module_preset=\u00bbdefault\u00bb global_colors_info=\u00bb{}\u00bb theme_builder_area=\u00bbpost_content\u00bb]<\/p>\n<p data-start=\"99\" data-end=\"527\" class=\"\">El mapa de Weenat revela un gradiente pluviom\u00e9trico muy claro en la pen\u00ednsula ib\u00e9rica. El noroeste de Espa\u00f1a (Galicia, costa cant\u00e1brica) ha recibido precipitaciones abundantes, con acumulados que superan frecuentemente los 600 mm en el periodo analizado. Esta generosidad pluviom\u00e9trica disminuye progresivamente hacia el sur y el este del pa\u00eds, con valores a menudo inferiores a los 300 mm en las regiones mediterr\u00e1neas del sur.<\/p>\n<p data-start=\"529\" data-end=\"700\" class=\"\">Esta distribuci\u00f3n de las lluvias se refleja directamente en el estado de las reservas hidr\u00e1ulicas espa\u00f1olas (Datos del Ministerio para la Transici\u00f3n Ecol\u00f3gica y el Reto Demogr\u00e1fico). Las cuencas septentrionales muestran altos niveles de llenado:<\/p>\n<ul data-start=\"702\" data-end=\"852\">\n<li data-start=\"702\" data-end=\"749\" class=\"\">\n<p data-start=\"704\" data-end=\"749\" class=\"\"><strong data-start=\"704\" data-end=\"739\">Cuencas internas del Pa\u00eds Vasco<\/strong>: 95,2 %<\/p>\n<\/li>\n<li data-start=\"750\" data-end=\"788\" class=\"\">\n<p data-start=\"752\" data-end=\"788\" class=\"\"><strong data-start=\"752\" data-end=\"778\">Tinto, Odiel y Piedras<\/strong>: 94,3 %<\/p>\n<\/li>\n<li data-start=\"789\" data-end=\"818\" class=\"\">\n<p data-start=\"791\" data-end=\"818\" class=\"\"><strong data-start=\"791\" data-end=\"808\">Galicia Costa<\/strong>: 83,2 %<\/p>\n<\/li>\n<li data-start=\"819\" data-end=\"852\" class=\"\">\n<p data-start=\"821\" data-end=\"852\" class=\"\"><strong data-start=\"821\" data-end=\"844\">Cant\u00e1brico Oriental<\/strong>: 82,2 %<\/p>\n<\/li>\n<\/ul>\n<p data-start=\"854\" data-end=\"951\" class=\"\">En cambio, las cuencas meridionales y mediterr\u00e1neas presentan situaciones mucho m\u00e1s preocupantes:<\/p>\n<ul data-start=\"953\" data-end=\"1097\">\n<li data-start=\"953\" data-end=\"975\" class=\"\">\n<p data-start=\"955\" data-end=\"975\" class=\"\"><strong data-start=\"955\" data-end=\"965\">Segura<\/strong>: 22,5 %<\/p>\n<\/li>\n<li data-start=\"976\" data-end=\"1020\" class=\"\">\n<p data-start=\"978\" data-end=\"1020\" class=\"\"><strong data-start=\"978\" data-end=\"1010\">Cuencas internas de Catalu\u00f1a<\/strong>: 32,1 %<\/p>\n<\/li>\n<li data-start=\"1021\" data-end=\"1054\" class=\"\">\n<p data-start=\"1023\" data-end=\"1054\" class=\"\"><strong data-start=\"1023\" data-end=\"1044\">Guadalete-Barbate<\/strong>: 35,2 %<\/p>\n<\/li>\n<li data-start=\"1055\" data-end=\"1097\" class=\"\">\n<p data-start=\"1057\" data-end=\"1097\" class=\"\"><strong data-start=\"1057\" data-end=\"1089\">Cuenca Mediterr\u00e1nea Andaluza<\/strong>: 38,6 %<\/p>\n<\/li>\n<\/ul>\n<p>[\/et_pb_text][et_pb_text _builder_version=\u00bb4.27.4&#8243; _module_preset=\u00bb65c18883-29a7-430c-8bf0-55f723063a9f\u00bb global_colors_info=\u00bb{}\u00bb theme_builder_area=\u00bbpost_content\u00bb]<\/p>\n<h3 data-start=\"1099\" data-end=\"1135\">La fachada atl\u00e1ntica, favorecida<\/h3>\n<p>[\/et_pb_text][et_pb_text _builder_version=\u00bb4.27.4&#8243; _module_preset=\u00bbdefault\u00bb global_colors_info=\u00bb{}\u00bb theme_builder_area=\u00bbpost_content\u00bb]<\/p>\n<p data-start=\"1137\" data-end=\"1382\" class=\"\">El an\u00e1lisis del mapa de Weenat muestra que la fachada atl\u00e1ntica espa\u00f1ola recibi\u00f3 precipitaciones sustanciales durante el invierno 2024-2025. Esta abundancia h\u00eddrica se traduce en niveles de llenado satisfactorios en las cuencas correspondientes:<\/p>\n<ul data-start=\"1384\" data-end=\"1466\">\n<li data-start=\"1384\" data-end=\"1402\" class=\"\">\n<p data-start=\"1386\" data-end=\"1402\" class=\"\"><strong data-start=\"1386\" data-end=\"1394\">Ebro<\/strong>: 80 %<\/p>\n<\/li>\n<li data-start=\"1403\" data-end=\"1427\" class=\"\">\n<p data-start=\"1405\" data-end=\"1427\" class=\"\"><strong data-start=\"1405\" data-end=\"1417\">Mi\u00f1o-Sil<\/strong>: 73,6 %<\/p>\n<\/li>\n<li data-start=\"1428\" data-end=\"1447\" class=\"\">\n<p data-start=\"1430\" data-end=\"1447\" class=\"\"><strong data-start=\"1430\" data-end=\"1439\">Duero<\/strong>: 73 %<\/p>\n<\/li>\n<li data-start=\"1448\" data-end=\"1466\" class=\"\">\n<p data-start=\"1450\" data-end=\"1466\" class=\"\"><strong data-start=\"1450\" data-end=\"1458\">Tajo<\/strong>: 67,5 %<\/p>\n<\/li>\n<\/ul>\n<p data-start=\"1468\" data-end=\"1633\" class=\"\">Estos valores, <strong>superiores a la media nacional del 60,9 %<\/strong>, reflejan el impacto positivo de las perturbaciones atl\u00e1nticas en la recarga de los embalses de esta regi\u00f3n.<\/p>\n<p>[\/et_pb_text][et_pb_text _builder_version=\u00bb4.27.4&#8243; _module_preset=\u00bb65c18883-29a7-430c-8bf0-55f723063a9f\u00bb global_colors_info=\u00bb{}\u00bb theme_builder_area=\u00bbpost_content\u00bb]<\/p>\n<h3 data-start=\"1635\" data-end=\"1680\">La vulnerabilidad persistente del sureste<\/h3>\n<p>[\/et_pb_text][et_pb_text _builder_version=\u00bb4.27.4&#8243; _module_preset=\u00bbdefault\u00bb global_colors_info=\u00bb{}\u00bb theme_builder_area=\u00bbpost_content\u00bb]<\/p>\n<p data-start=\"1682\" data-end=\"1997\" class=\"\">La zona sureste de Espa\u00f1a aparece como la m\u00e1s deficitaria en el mapa de Weenat, con acumulados pluviom\u00e9tricos a menudo inferiores a los 200 mm para el conjunto del per\u00edodo octubre-abril. Esta debilidad se refleja en el <strong>estado preocupante de la cuenca del Segura (22,5 %)<\/strong>, la m\u00e1s baja de todas las cuencas espa\u00f1olas.<\/p>\n<p data-start=\"1999\" data-end=\"2209\" class=\"\">A pesar del episodio de lluvias significativo registrado en <strong>Navacerrada (298,8 mm),<\/strong> la situaci\u00f3n h\u00eddrica sigue siendo tensa en las regiones mediterr\u00e1neas, con niveles de llenado ampliamente por debajo del 50 %.<\/p>\n<p>[\/et_pb_text][\/et_pb_column][\/et_pb_row][et_pb_row _builder_version=\u00bb4.24.0&#8243; _module_preset=\u00bbdefault\u00bb global_colors_info=\u00bb{}\u00bb theme_builder_area=\u00bbpost_content\u00bb][et_pb_column type=\u00bb4_4&#8243; _builder_version=\u00bb4.24.0&#8243; _module_preset=\u00bbdefault\u00bb global_colors_info=\u00bb{}\u00bb theme_builder_area=\u00bbpost_content\u00bb][et_pb_text _builder_version=\u00bb4.27.4&#8243; _module_preset=\u00bba911bbfb-d5ea-4b1c-a805-a3c8d79268a7&#8243; global_colors_info=\u00bb{}\u00bb theme_builder_area=\u00bbpost_content\u00bb]<\/p>\n<h2 data-start=\"2211\" data-end=\"2252\">Una mejora reciente pero insuficiente<\/h2>\n<p>[\/et_pb_text][et_pb_text _builder_version=\u00bb4.27.4&#8243; _module_preset=\u00bbdefault\u00bb global_colors_info=\u00bb{}\u00bb theme_builder_area=\u00bbpost_content\u00bb]<\/p>\n<p data-start=\"2254\" data-end=\"2615\" class=\"\">Los datos del Ministerio para la Transici\u00f3n Ecol\u00f3gica y el Reto Demogr\u00e1fico indican un <strong>aumento reciente de 1.614 hm\u00b3 (2,9 % de la capacidad total)<\/strong> en una semana, lo que sugiere precipitaciones tard\u00edas beneficiosas. Sin embargo, esta mejora no es suficiente para compensar los d\u00e9ficits estructurales en ciertas regiones, especialmente en el sureste mediterr\u00e1neo.<\/p>\n<p data-start=\"2617\" data-end=\"2846\" class=\"\">La comparaci\u00f3n con el mapa de Weenat revela que, a pesar de un invierno <strong>globalmente lluvioso en Europa occidental<\/strong>, algunas regiones espa\u00f1olas no han recibido precipitaciones suficientes para reconstituir sus reservas hidr\u00e1ulicas.<\/p>\n<p>[\/et_pb_text][\/et_pb_column][\/et_pb_row][et_pb_row _builder_version=\u00bb4.24.0&#8243; _module_preset=\u00bbdefault\u00bb global_colors_info=\u00bb{}\u00bb theme_builder_area=\u00bbpost_content\u00bb][et_pb_column type=\u00bb4_4&#8243; _builder_version=\u00bb4.24.0&#8243; _module_preset=\u00bbdefault\u00bb global_colors_info=\u00bb{}\u00bb theme_builder_area=\u00bbpost_content\u00bb][et_pb_text _builder_version=\u00bb4.27.4&#8243; _module_preset=\u00bba911bbfb-d5ea-4b1c-a805-a3c8d79268a7&#8243; global_colors_info=\u00bb{}\u00bb theme_builder_area=\u00bbpost_content\u00bb]<\/p>\n<h2>Desigualdades regionales y retos de gesti\u00f3n<\/h2>\n<p>[\/et_pb_text][et_pb_text _builder_version=\u00bb4.24.0&#8243; _module_preset=\u00bbdefault\u00bb global_colors_info=\u00bb{}\u00bb theme_builder_area=\u00bbpost_content\u00bb]<\/p>\n<p>El contraste entre las <strong>cuencas del norte (&gt;80 %) y las del sureste (&lt;40 %)<\/strong> ilustra la magnitud de las desigualdades regionales y los desaf\u00edos en la gesti\u00f3n del agua en Espa\u00f1a. La situaci\u00f3n global del 60,9 % oculta estas importantes variaciones territoriales.<\/p>\n<p>Estas disparidades corresponden precisamente a las zonas donde el mapa de Weenat se\u00f1ala los contrastes pluviom\u00e9tricos m\u00e1s marcados, demostrando el impacto directo del r\u00e9gimen de precipitaciones invernales sobre la disponibilidad de agua de cara a la temporada estival.<\/p>\n<p>Esta situaci\u00f3n contrastada subraya la persistente vulnerabilidad de las regiones mediterr\u00e1neas espa\u00f1olas frente a las variaciones clim\u00e1ticas, <strong>a pesar de una mejora general de las reservas h\u00eddricas nacionales en la primavera de 2025<\/strong>.<\/p>\n<p>[\/et_pb_text][\/et_pb_column][\/et_pb_row][et_pb_row _builder_version=\u00bb4.27.4&#8243; _module_preset=\u00bbe49f4310-8203-4d88-8ba7-557b1f2000f5&#8243; global_colors_info=\u00bb{}\u00bb theme_builder_area=\u00bbpost_content\u00bb][et_pb_column type=\u00bb4_4&#8243; _builder_version=\u00bb4.24.0&#8243; _module_preset=\u00bbdefault\u00bb global_colors_info=\u00bb{}\u00bb theme_builder_area=\u00bbpost_content\u00bb][et_pb_text _builder_version=\u00bb4.27.4&#8243; _module_preset=\u00bba911bbfb-d5ea-4b1c-a805-a3c8d79268a7&#8243; global_colors_info=\u00bb{}\u00bb theme_builder_area=\u00bbpost_content\u00bb]<\/p>\n<h2 style=\"text-align: center;\"><span style=\"color: #ffffff;\">Gesti\u00f3n del riego: un reto clave para la primavera<\/span><\/h2>\n<p>[\/et_pb_text][et_pb_text _builder_version=\u00bb4.27.4&#8243; _module_preset=\u00bbdefault\u00bb global_colors_info=\u00bb{}\u00bb theme_builder_area=\u00bbpost_content\u00bb]<\/p>\n<p style=\"text-align: center;\"><span style=\"color: #ffffff;\">En este contexto, la gesti\u00f3n del riego se vuelve crucial. Se trata de aportar la cantidad adecuada de agua en el momento justo, apoy\u00e1ndose en herramientas de seguimiento de las reservas h\u00eddricas y en <strong>sondas de humedad del suelo<\/strong>. Esto permitir\u00e1 optimizar el uso del recurso, reducir las p\u00e9rdidas por evaporaci\u00f3n y preservar los acu\u00edferos en las zonas m\u00e1s vulnerables.<\/span><\/p>\n<p>[\/et_pb_text][et_pb_code module_class=\u00bbhs-cta-trigger-   hs-cta-trigger-  -287293313266&#8243; _builder_version=\u00bb4.27.4&#8243; _module_preset=\u00bbdefault\u00bb hover_enabled=\u00bb0&#8243; global_colors_info=\u00bb{}\u00bb theme_builder_area=\u00bbpost_content\u00bb sticky_enabled=\u00bb0&#8243;]<center><\/p>\n<div class=\"hs-cta-embed hs-cta-simple-placeholder hs-cta-embed-287312039101\"<!-- [et_pb_line_break_holder] -->  style=\u00bbmax-width:100%; max-height:100%; width:240px;height:42.3984375px\u00bb data-hubspot-wrapper-cta-id=\u00bb287312039101&#8243;><!-- [et_pb_line_break_holder] -->  <a href=\"https:\/\/cta-eu1.hubspot.com\/web-interactives\/public\/v1\/track\/redirect?encryptedPayload=AVxigLIr8wCiX3ruk5iS1tW2bHrnKLhsOHLt%2F0GfMUnv60WD1tVLgyHEGSiv%2BS7mwLXQcXEpMcbRok%2F9ijCvwCG5fkCWQG4hh%2BJUKeOXCSr4yKNQebY%3D&#038;webInteractiveContentId=287312039101&#038;portalId=145695827\" target=\"_blank\" rel=\"noopener\" crossorigin=\"anonymous\"><!-- [et_pb_line_break_holder] -->    <img decoding=\"async\" alt=\"PEDIR PRESUPUESTO\" loading=\"lazy\" src=\"https:\/\/hubspot-no-cache-eu1-prod.s3.amazonaws.com\/cta\/default\/145695827\/interactive-287312039101.png\" style=\"height: 100%; width: 100%; object-fit: fill\"<!-- [et_pb_line_break_holder] -->      onerror=\u00bbthis.style.display=&#8217;none'\u00bb \/><!-- [et_pb_line_break_holder] -->  <\/a><!-- [et_pb_line_break_holder] --><\/div>\n<p>[\/et_pb_code][\/et_pb_column][\/et_pb_row][\/et_pb_section]<\/p>\n","protected":false},"excerpt":{"rendered":"<p>El invierno 2024-2025 ha estado marcado por una din\u00e1mica de recarga de los acu\u00edferos muy contrastada a escala de Francia y Europa occidental, como lo muestran los mapas del Ministerio para la Transici\u00f3n Ecol\u00f3gica y el Reto Demogr\u00e1fico y de Weenat. El an\u00e1lisis cruzado de estas dos fuentes permite comprender mejor los v\u00ednculos entre la [&hellip;]<\/p>\n","protected":false},"author":7,"featured_media":282683,"comment_status":"open","ping_status":"open","sticky":false,"template":"","format":"standard","meta":{"_et_pb_use_builder":"on","_et_pb_old_content":"","_et_gb_content_width":"","footnotes":""},"categories":[138],"tags":[],"class_list":["post-282682","post","type-post","status-publish","format-standard","has-post-thumbnail","hentry","category-meteorologia-agricola"],"yoast_head":"<!-- This site is optimized with the Yoast SEO plugin v25.8 - https:\/\/yoast.com\/wordpress\/plugins\/seo\/ -->\n<title>El estado de los acu\u00edferos en abril de 2025 tras la recarga invernal<\/title>\n<meta name=\"description\" content=\"\u00bfCu\u00e1l es el nivel de los acu\u00edferos en Espa\u00f1a despu\u00e9s de la recarga invernal? Comparamos los datos de Weenat con los del ministerio para darte la respuesta.\" \/>\n<meta name=\"robots\" content=\"noindex, follow, max-snippet:-1, max-image-preview:large, max-video-preview:-1\" \/>\n<meta property=\"og:locale\" content=\"es_ES\" \/>\n<meta property=\"og:type\" content=\"article\" \/>\n<meta property=\"og:title\" content=\"El estado de los acu\u00edferos en abril de 2025 tras la recarga invernal\" \/>\n<meta property=\"og:description\" content=\"\u00bfCu\u00e1l es el nivel de los acu\u00edferos en Espa\u00f1a despu\u00e9s de la recarga invernal? Comparamos los datos de Weenat con los del ministerio para darte la respuesta.\" \/>\n<meta property=\"og:url\" content=\"https:\/\/preprod.weenat.com\/es\/recarga-invernal-2024-2025-cual-es-el-estado-de-los-acuiferos-en-abril\/\" \/>\n<meta property=\"og:site_name\" content=\"Weenat\" \/>\n<meta property=\"article:published_time\" content=\"2025-04-16T08:34:45+00:00\" \/>\n<meta property=\"article:modified_time\" content=\"2025-12-09T11:05:17+00:00\" \/>\n<meta property=\"og:image\" content=\"https:\/\/preprod.weenat.com\/wp-content\/uploads\/2025\/04\/Precip_Europe_20241001_20250414-min-scaled-2.webp\" \/>\n\t<meta property=\"og:image:width\" content=\"2560\" \/>\n\t<meta property=\"og:image:height\" content=\"2521\" \/>\n\t<meta property=\"og:image:type\" content=\"image\/webp\" \/>\n<meta name=\"author\" content=\"Guillaume Dechandon\" \/>\n<meta name=\"twitter:card\" content=\"summary_large_image\" \/>\n<meta name=\"twitter:label1\" content=\"Escrito por\" \/>\n\t<meta name=\"twitter:data1\" content=\"Guillaume Dechandon\" \/>\n\t<meta name=\"twitter:label2\" content=\"Tiempo de lectura\" \/>\n\t<meta name=\"twitter:data2\" content=\"5 minutos\" \/>\n<script type=\"application\/ld+json\" class=\"yoast-schema-graph\">{\"@context\":\"https:\/\/schema.org\",\"@graph\":[{\"@type\":\"WebPage\",\"@id\":\"https:\/\/preprod.weenat.com\/es\/recarga-invernal-2024-2025-cual-es-el-estado-de-los-acuiferos-en-abril\/\",\"url\":\"https:\/\/preprod.weenat.com\/es\/recarga-invernal-2024-2025-cual-es-el-estado-de-los-acuiferos-en-abril\/\",\"name\":\"El estado de los acu\u00edferos en abril de 2025 tras la recarga invernal\",\"isPartOf\":{\"@id\":\"https:\/\/preprod.weenat.com\/es\/#website\"},\"primaryImageOfPage\":{\"@id\":\"https:\/\/preprod.weenat.com\/es\/recarga-invernal-2024-2025-cual-es-el-estado-de-los-acuiferos-en-abril\/#primaryimage\"},\"image\":{\"@id\":\"https:\/\/preprod.weenat.com\/es\/recarga-invernal-2024-2025-cual-es-el-estado-de-los-acuiferos-en-abril\/#primaryimage\"},\"thumbnailUrl\":\"https:\/\/preprod.weenat.com\/wp-content\/uploads\/2025\/04\/Precip_Europe_20241001_20250414-min-scaled-2.webp\",\"datePublished\":\"2025-04-16T08:34:45+00:00\",\"dateModified\":\"2025-12-09T11:05:17+00:00\",\"author\":{\"@id\":\"https:\/\/preprod.weenat.com\/es\/#\/schema\/person\/6a8fcf8e17e1f82d625f54877f8e55c6\"},\"description\":\"\u00bfCu\u00e1l es el nivel de los acu\u00edferos en Espa\u00f1a despu\u00e9s de la recarga invernal? Comparamos los datos de Weenat con los del ministerio para darte la respuesta.\",\"breadcrumb\":{\"@id\":\"https:\/\/preprod.weenat.com\/es\/recarga-invernal-2024-2025-cual-es-el-estado-de-los-acuiferos-en-abril\/#breadcrumb\"},\"inLanguage\":\"es\",\"potentialAction\":[{\"@type\":\"ReadAction\",\"target\":[\"https:\/\/preprod.weenat.com\/es\/recarga-invernal-2024-2025-cual-es-el-estado-de-los-acuiferos-en-abril\/\"]}]},{\"@type\":\"ImageObject\",\"inLanguage\":\"es\",\"@id\":\"https:\/\/preprod.weenat.com\/es\/recarga-invernal-2024-2025-cual-es-el-estado-de-los-acuiferos-en-abril\/#primaryimage\",\"url\":\"https:\/\/preprod.weenat.com\/wp-content\/uploads\/2025\/04\/Precip_Europe_20241001_20250414-min-scaled-2.webp\",\"contentUrl\":\"https:\/\/preprod.weenat.com\/wp-content\/uploads\/2025\/04\/Precip_Europe_20241001_20250414-min-scaled-2.webp\",\"width\":2560,\"height\":2521,\"caption\":\"Acumulaci\u00f3n de lluvia recarga invernal Weenat 2025\"},{\"@type\":\"BreadcrumbList\",\"@id\":\"https:\/\/preprod.weenat.com\/es\/recarga-invernal-2024-2025-cual-es-el-estado-de-los-acuiferos-en-abril\/#breadcrumb\",\"itemListElement\":[{\"@type\":\"ListItem\",\"position\":1,\"name\":\"Weenat\",\"item\":\"https:\/\/preprod.weenat.com\/es\/\"},{\"@type\":\"ListItem\",\"position\":2,\"name\":\"Recarga invernal 2024-2025 en Europa y Espa\u00f1a: \u00bfcu\u00e1l es el estado de los acu\u00edferos en abril?\"}]},{\"@type\":\"WebSite\",\"@id\":\"https:\/\/preprod.weenat.com\/es\/#website\",\"url\":\"https:\/\/preprod.weenat.com\/es\/\",\"name\":\"Weenat\",\"description\":\"\",\"potentialAction\":[{\"@type\":\"SearchAction\",\"target\":{\"@type\":\"EntryPoint\",\"urlTemplate\":\"https:\/\/preprod.weenat.com\/es\/?s={search_term_string}\"},\"query-input\":{\"@type\":\"PropertyValueSpecification\",\"valueRequired\":true,\"valueName\":\"search_term_string\"}}],\"inLanguage\":\"es\"},{\"@type\":\"Person\",\"@id\":\"https:\/\/preprod.weenat.com\/es\/#\/schema\/person\/6a8fcf8e17e1f82d625f54877f8e55c6\",\"name\":\"Guillaume Dechandon\",\"image\":{\"@type\":\"ImageObject\",\"inLanguage\":\"es\",\"@id\":\"https:\/\/preprod.weenat.com\/es\/#\/schema\/person\/image\/\",\"url\":\"https:\/\/secure.gravatar.com\/avatar\/fbd215e250c16cd4591e78d6c548a4b69a9ceacfd4e680867ceefdf8ba04188c?s=96&d=mm&r=g\",\"contentUrl\":\"https:\/\/secure.gravatar.com\/avatar\/fbd215e250c16cd4591e78d6c548a4b69a9ceacfd4e680867ceefdf8ba04188c?s=96&d=mm&r=g\",\"caption\":\"Guillaume Dechandon\"},\"url\":\"https:\/\/preprod.weenat.com\/es\/author\/guillaume\/\"}]}<\/script>\n<!-- \/ Yoast SEO plugin. -->","yoast_head_json":{"title":"El estado de los acu\u00edferos en abril de 2025 tras la recarga invernal","description":"\u00bfCu\u00e1l es el nivel de los acu\u00edferos en Espa\u00f1a despu\u00e9s de la recarga invernal? Comparamos los datos de Weenat con los del ministerio para darte la respuesta.","robots":{"index":"noindex","follow":"follow","max-snippet":"max-snippet:-1","max-image-preview":"max-image-preview:large","max-video-preview":"max-video-preview:-1"},"og_locale":"es_ES","og_type":"article","og_title":"El estado de los acu\u00edferos en abril de 2025 tras la recarga invernal","og_description":"\u00bfCu\u00e1l es el nivel de los acu\u00edferos en Espa\u00f1a despu\u00e9s de la recarga invernal? Comparamos los datos de Weenat con los del ministerio para darte la respuesta.","og_url":"https:\/\/preprod.weenat.com\/es\/recarga-invernal-2024-2025-cual-es-el-estado-de-los-acuiferos-en-abril\/","og_site_name":"Weenat","article_published_time":"2025-04-16T08:34:45+00:00","article_modified_time":"2025-12-09T11:05:17+00:00","og_image":[{"width":2560,"height":2521,"url":"https:\/\/preprod.weenat.com\/wp-content\/uploads\/2025\/04\/Precip_Europe_20241001_20250414-min-scaled-2.webp","type":"image\/webp"}],"author":"Guillaume Dechandon","twitter_card":"summary_large_image","twitter_misc":{"Escrito por":"Guillaume Dechandon","Tiempo de lectura":"5 minutos"},"schema":{"@context":"https:\/\/schema.org","@graph":[{"@type":"WebPage","@id":"https:\/\/preprod.weenat.com\/es\/recarga-invernal-2024-2025-cual-es-el-estado-de-los-acuiferos-en-abril\/","url":"https:\/\/preprod.weenat.com\/es\/recarga-invernal-2024-2025-cual-es-el-estado-de-los-acuiferos-en-abril\/","name":"El estado de los acu\u00edferos en abril de 2025 tras la recarga invernal","isPartOf":{"@id":"https:\/\/preprod.weenat.com\/es\/#website"},"primaryImageOfPage":{"@id":"https:\/\/preprod.weenat.com\/es\/recarga-invernal-2024-2025-cual-es-el-estado-de-los-acuiferos-en-abril\/#primaryimage"},"image":{"@id":"https:\/\/preprod.weenat.com\/es\/recarga-invernal-2024-2025-cual-es-el-estado-de-los-acuiferos-en-abril\/#primaryimage"},"thumbnailUrl":"https:\/\/preprod.weenat.com\/wp-content\/uploads\/2025\/04\/Precip_Europe_20241001_20250414-min-scaled-2.webp","datePublished":"2025-04-16T08:34:45+00:00","dateModified":"2025-12-09T11:05:17+00:00","author":{"@id":"https:\/\/preprod.weenat.com\/es\/#\/schema\/person\/6a8fcf8e17e1f82d625f54877f8e55c6"},"description":"\u00bfCu\u00e1l es el nivel de los acu\u00edferos en Espa\u00f1a despu\u00e9s de la recarga invernal? Comparamos los datos de Weenat con los del ministerio para darte la respuesta.","breadcrumb":{"@id":"https:\/\/preprod.weenat.com\/es\/recarga-invernal-2024-2025-cual-es-el-estado-de-los-acuiferos-en-abril\/#breadcrumb"},"inLanguage":"es","potentialAction":[{"@type":"ReadAction","target":["https:\/\/preprod.weenat.com\/es\/recarga-invernal-2024-2025-cual-es-el-estado-de-los-acuiferos-en-abril\/"]}]},{"@type":"ImageObject","inLanguage":"es","@id":"https:\/\/preprod.weenat.com\/es\/recarga-invernal-2024-2025-cual-es-el-estado-de-los-acuiferos-en-abril\/#primaryimage","url":"https:\/\/preprod.weenat.com\/wp-content\/uploads\/2025\/04\/Precip_Europe_20241001_20250414-min-scaled-2.webp","contentUrl":"https:\/\/preprod.weenat.com\/wp-content\/uploads\/2025\/04\/Precip_Europe_20241001_20250414-min-scaled-2.webp","width":2560,"height":2521,"caption":"Acumulaci\u00f3n de lluvia recarga invernal Weenat 2025"},{"@type":"BreadcrumbList","@id":"https:\/\/preprod.weenat.com\/es\/recarga-invernal-2024-2025-cual-es-el-estado-de-los-acuiferos-en-abril\/#breadcrumb","itemListElement":[{"@type":"ListItem","position":1,"name":"Weenat","item":"https:\/\/preprod.weenat.com\/es\/"},{"@type":"ListItem","position":2,"name":"Recarga invernal 2024-2025 en Europa y Espa\u00f1a: \u00bfcu\u00e1l es el estado de los acu\u00edferos en abril?"}]},{"@type":"WebSite","@id":"https:\/\/preprod.weenat.com\/es\/#website","url":"https:\/\/preprod.weenat.com\/es\/","name":"Weenat","description":"","potentialAction":[{"@type":"SearchAction","target":{"@type":"EntryPoint","urlTemplate":"https:\/\/preprod.weenat.com\/es\/?s={search_term_string}"},"query-input":{"@type":"PropertyValueSpecification","valueRequired":true,"valueName":"search_term_string"}}],"inLanguage":"es"},{"@type":"Person","@id":"https:\/\/preprod.weenat.com\/es\/#\/schema\/person\/6a8fcf8e17e1f82d625f54877f8e55c6","name":"Guillaume Dechandon","image":{"@type":"ImageObject","inLanguage":"es","@id":"https:\/\/preprod.weenat.com\/es\/#\/schema\/person\/image\/","url":"https:\/\/secure.gravatar.com\/avatar\/fbd215e250c16cd4591e78d6c548a4b69a9ceacfd4e680867ceefdf8ba04188c?s=96&d=mm&r=g","contentUrl":"https:\/\/secure.gravatar.com\/avatar\/fbd215e250c16cd4591e78d6c548a4b69a9ceacfd4e680867ceefdf8ba04188c?s=96&d=mm&r=g","caption":"Guillaume Dechandon"},"url":"https:\/\/preprod.weenat.com\/es\/author\/guillaume\/"}]}},"_links":{"self":[{"href":"https:\/\/preprod.weenat.com\/es\/wp-json\/wp\/v2\/posts\/282682","targetHints":{"allow":["GET"]}}],"collection":[{"href":"https:\/\/preprod.weenat.com\/es\/wp-json\/wp\/v2\/posts"}],"about":[{"href":"https:\/\/preprod.weenat.com\/es\/wp-json\/wp\/v2\/types\/post"}],"author":[{"embeddable":true,"href":"https:\/\/preprod.weenat.com\/es\/wp-json\/wp\/v2\/users\/7"}],"replies":[{"embeddable":true,"href":"https:\/\/preprod.weenat.com\/es\/wp-json\/wp\/v2\/comments?post=282682"}],"version-history":[{"count":11,"href":"https:\/\/preprod.weenat.com\/es\/wp-json\/wp\/v2\/posts\/282682\/revisions"}],"predecessor-version":[{"id":291801,"href":"https:\/\/preprod.weenat.com\/es\/wp-json\/wp\/v2\/posts\/282682\/revisions\/291801"}],"wp:featuredmedia":[{"embeddable":true,"href":"https:\/\/preprod.weenat.com\/es\/wp-json\/wp\/v2\/media\/282683"}],"wp:attachment":[{"href":"https:\/\/preprod.weenat.com\/es\/wp-json\/wp\/v2\/media?parent=282682"}],"wp:term":[{"taxonomy":"category","embeddable":true,"href":"https:\/\/preprod.weenat.com\/es\/wp-json\/wp\/v2\/categories?post=282682"},{"taxonomy":"post_tag","embeddable":true,"href":"https:\/\/preprod.weenat.com\/es\/wp-json\/wp\/v2\/tags?post=282682"}],"curies":[{"name":"wp","href":"https:\/\/api.w.org\/{rel}","templated":true}]}}