{"id":275464,"date":"2024-06-18T11:09:55","date_gmt":"2024-06-18T09:09:55","guid":{"rendered":"https:\/\/weenat.com\/responsable-ventas-noreste-espana\/"},"modified":"2025-09-26T17:18:53","modified_gmt":"2025-09-26T15:18:53","slug":"responsable-ventas-noreste-espana","status":"publish","type":"post","link":"https:\/\/preprod.weenat.com\/es\/responsable-ventas-noreste-espana\/","title":{"rendered":"Responsable de ventas &#8211; Noreste de Espa\u00f1a"},"content":{"rendered":"<p>[et_pb_section fb_built=\u00bb1&#8243; _builder_version=\u00bb4.24.0&#8243; _module_preset=\u00bbdefault\u00bb global_colors_info=\u00bb{}\u00bb theme_builder_area=\u00bbpost_content\u00bb][et_pb_row _builder_version=\u00bb4.24.0&#8243; _module_preset=\u00bbdefault\u00bb global_colors_info=\u00bb{}\u00bb theme_builder_area=\u00bbpost_content\u00bb][et_pb_column type=\u00bb4_4&#8243; _builder_version=\u00bb4.24.0&#8243; _module_preset=\u00bbdefault\u00bb global_colors_info=\u00bb{}\u00bb theme_builder_area=\u00bbpost_content\u00bb][et_pb_text _builder_version=\u00bb4.24.0&#8243; _module_preset=\u00bbdefault\u00bb global_colors_info=\u00bb{}\u00bb theme_builder_area=\u00bbpost_content\u00bb]<\/p>\n<h2><span data-contrast=\"none\">\u00bfTE SUMAS A LA AVENTURA DE WEENAT?<\/span><span data-ccp-props=\"{&quot;201341983&quot;:0,&quot;335551550&quot;:6,&quot;335551620&quot;:6,&quot;335557856&quot;:16777215,&quot;335559739&quot;:180,&quot;335559740&quot;:240}\">\u00a0<\/span><\/h2>\n<p><span data-contrast=\"auto\">Weenat proporciona a los agricultores soluciones meteorol\u00f3gicas m\u00f3viles, conectadas y simples de usar. Gracias a su dominio de los datos meteorol\u00f3gicos y de los par\u00e1metros del suelo, Weenat orienta a los agricultores en su toma de decisiones diarias, desde la siembra hasta la cosecha.<\/span><span data-ccp-props=\"{&quot;201341983&quot;:0,&quot;335559739&quot;:0,&quot;335559740&quot;:240}\">\u00a0<\/span><\/p>\n<p><span data-contrast=\"auto\">Un equipo de 50 personas trabaja en contacto estrecho con los territorios desarrollando una completa gama de sensores conectados a una aplicaci\u00f3n m\u00f3vil con la que los agricultores pueden gestionar sus recursos a la perfecci\u00f3n para optimizar la rentabilidad, el tiempo y el impacto medioambiental.<\/span><span data-ccp-props=\"{&quot;201341983&quot;:0,&quot;335559739&quot;:0,&quot;335559740&quot;:240}\">\u00a0<\/span><\/p>\n<p><span data-contrast=\"auto\">\u00bfEst\u00e1s buscando un trabajo estimulante con un equipo din\u00e1mico en un entorno laboral innovador? \u00bfQuieres poner tu experiencia al servicio de un proyecto que pretende mejorar el d\u00eda a d\u00eda de los agricultores? \u00a1S\u00famate!<\/span><span data-ccp-props=\"{&quot;201341983&quot;:0,&quot;335559739&quot;:0,&quot;335559740&quot;:240}\">\u00a0<\/span><\/p>\n<p><span data-contrast=\"auto\">Solo se aceptar\u00e1n las solicitudes de los candidatos que tengan experiencia en el \u00e1mbito agr\u00edcola y que hablen ingl\u00e9s y espa\u00f1ol.<\/span><span data-ccp-props=\"{&quot;201341983&quot;:0,&quot;335559739&quot;:0,&quot;335559740&quot;:240}\">\u00a0<\/span><\/p>\n<p><span data-ccp-props=\"{&quot;201341983&quot;:0,&quot;335559739&quot;:0,&quot;335559740&quot;:240}\">\u00a0<\/span><\/p>\n<h2><span data-contrast=\"none\">DESCRIPCI\u00d3N DEL PUESTO<\/span><span data-ccp-props=\"{&quot;201341983&quot;:0,&quot;335551550&quot;:6,&quot;335551620&quot;:6,&quot;335557856&quot;:16777215,&quot;335559739&quot;:180,&quot;335559740&quot;:240}\">\u00a0<\/span><\/h2>\n<p>En equipo con el responsable de ventas Espa\u00f1a, participar\u00e1s en el desarrollo de la empresa en el noreste de Espa\u00f1a.<\/p>\n<p>&nbsp;<\/p>\n<h3>Funciones principales:<\/h3>\n<ul>\n<li>Desarrollar las ventas y aplicar nuestra estrategia comercial,<\/li>\n<li>Negociar y cerrar ventas aportando su experiencia a los clientes,<\/li>\n<li>Fidelizar y potenciar su cartera de clientes,<\/li>\n<li>Contribuir al plan de acci\u00f3n y a la definici\u00f3n de la estrategia comercial y de marketing de la empresa proporcionando informaci\u00f3n sobre las expectativas de los clientes,<\/li>\n<li>Participar en ferias y eventos de su zona geogr\u00e1fica.<\/li>\n<\/ul>\n<p>&nbsp;<\/p>\n<p>Est\u00e1 previsto un periodo de inmersi\u00f3n con todos los departamentos de la empresa para que tengas todas las claves necesarias para que tu misi\u00f3n sea un \u00e9xito.<\/p>\n<p>Se proporciona veh\u00edculo, tel\u00e9fono y ordenador port\u00e1til de empresa.<\/p>\n<p><span data-ccp-props=\"{&quot;201341983&quot;:0,&quot;335559739&quot;:0,&quot;335559740&quot;:240}\">\u00a0<\/span><\/p>\n<h2><span data-contrast=\"none\">PERFIL<\/span><span data-ccp-props=\"{&quot;201341983&quot;:0,&quot;335551550&quot;:6,&quot;335551620&quot;:6,&quot;335557856&quot;:16777215,&quot;335559739&quot;:180,&quot;335559740&quot;:240}\"> <\/span><\/h2>\n<ul>\n<li>Tienes un excelente temperamento comercial, un perfil orientado a la apertura de cuentas y la satisfacci\u00f3n del cliente es tu prioridad,<\/li>\n<li>Tienes experiencia significativa en el sector agr\u00edcola o un inter\u00e9s genuino en la agricultura de precisi\u00f3n,<\/li>\n<li>Tienes al menos una titulaci\u00f3n superior,<\/li>\n<li>Eres proactivo y puedes trabajar en un alto grado de autonom\u00eda<\/li>\n<li>Su capacidad de escucha, su gusto por los retos y su adaptabilidad le ayudar\u00e1n a dirigir y desarrollar su actividad, al servicio de sus clientes,<\/li>\n<li>Lo ideal ser\u00eda que hablara catal\u00e1n<\/li>\n<li>Tu mayor fuerza es tu motivaci\u00f3n y tus ganas de implicarte en el proyecto Weenat.\n<ul><\/ul>\n<p>&nbsp;<\/p>\n<p>Contrato indefinido a tiempo completo, incorporaci\u00f3n inmediata. Posici\u00f3n situada en Zaragoza, Lerida o ciudad cercana.<\/li>\n<\/ul>\n<p><span data-ccp-props=\"{&quot;201341983&quot;:0,&quot;335559739&quot;:0,&quot;335559740&quot;:240}\">\u00a0<\/span><\/p>\n<h2><span data-contrast=\"none\">\u00bfC\u00d3MO ENVIAR TU SOLICITUD?<\/span><span data-ccp-props=\"{&quot;201341983&quot;:0,&quot;335551550&quot;:6,&quot;335551620&quot;:6,&quot;335557856&quot;:16777215,&quot;335559739&quot;:180,&quot;335559740&quot;:240}\">\u00a0<\/span><\/h2>\n<p><span data-contrast=\"auto\">Env\u00edanos tu solicitud (se requiere curr\u00edculum y carta de motivaci\u00f3n) en ingl\u00e9s o espa\u00f1ol a <a href=\"mailto:jointheteam@weenat.com\"><strong>jointheteam@weenat.com<\/strong><\/a> indicando \u201c<strong>RESPONSABLE DE VENTAS \u2013 NORESTE DE ESPA\u00d1A<\/strong>\u201d en el asunto del email.<\/span><span data-ccp-props=\"{&quot;201341983&quot;:0,&quot;335559739&quot;:0,&quot;335559740&quot;:240}\">\u00a0<\/span><\/p>\n<p>[\/et_pb_text][\/et_pb_column][\/et_pb_row][\/et_pb_section]<\/p>\n","protected":false},"excerpt":{"rendered":"<p>\u00bfTE SUMAS A LA AVENTURA DE WEENAT?\u00a0 Weenat proporciona a los agricultores soluciones meteorol\u00f3gicas m\u00f3viles, conectadas y simples de usar. Gracias a su dominio de los datos meteorol\u00f3gicos y de los par\u00e1metros del suelo, Weenat orienta a los agricultores en su toma de decisiones diarias, desde la siembra hasta la cosecha.\u00a0 Un equipo de 50 [&hellip;]<\/p>\n","protected":false},"author":4,"featured_media":0,"comment_status":"closed","ping_status":"closed","sticky":false,"template":"","format":"standard","meta":{"_et_pb_use_builder":"on","_et_pb_old_content":"","_et_gb_content_width":"","footnotes":""},"categories":[169],"tags":[],"class_list":["post-275464","post","type-post","status-publish","format-standard","hentry","category-contratacion"],"yoast_head":"<!-- This site is optimized with the Yoast SEO plugin v25.8 - https:\/\/yoast.com\/wordpress\/plugins\/seo\/ -->\n<title>Responsable de ventas - Noreste de Espa\u00f1a | Weenat<\/title>\n<meta name=\"description\" content=\"Weenat esta buscando un Responsable de ventas para el Norte de Espa\u00f1a. Tienes un excelente temperamento comercial y tienes experiencia en el sector agr\u00edcola.\" \/>\n<meta name=\"robots\" content=\"noindex, follow, max-snippet:-1, max-image-preview:large, max-video-preview:-1\" \/>\n<meta property=\"og:locale\" content=\"es_ES\" \/>\n<meta property=\"og:type\" content=\"article\" \/>\n<meta property=\"og:title\" content=\"Responsable de ventas - Noreste de Espa\u00f1a | Weenat\" \/>\n<meta property=\"og:description\" content=\"Weenat esta buscando un Responsable de ventas para el Norte de Espa\u00f1a. Tienes un excelente temperamento comercial y tienes experiencia en el sector agr\u00edcola.\" \/>\n<meta property=\"og:url\" content=\"https:\/\/preprod.weenat.com\/es\/responsable-ventas-noreste-espana\/\" \/>\n<meta property=\"og:site_name\" content=\"Weenat\" \/>\n<meta property=\"article:published_time\" content=\"2024-06-18T09:09:55+00:00\" \/>\n<meta property=\"article:modified_time\" content=\"2025-09-26T15:18:53+00:00\" \/>\n<meta name=\"author\" content=\"Emeline FLORES\" \/>\n<meta name=\"twitter:card\" content=\"summary_large_image\" \/>\n<meta name=\"twitter:label1\" content=\"Escrito por\" \/>\n\t<meta name=\"twitter:data1\" content=\"Emeline FLORES\" \/>\n\t<meta name=\"twitter:label2\" content=\"Tiempo de lectura\" \/>\n\t<meta name=\"twitter:data2\" content=\"3 minutos\" \/>\n<script type=\"application\/ld+json\" class=\"yoast-schema-graph\">{\"@context\":\"https:\/\/schema.org\",\"@graph\":[{\"@type\":\"WebPage\",\"@id\":\"https:\/\/preprod.weenat.com\/es\/responsable-ventas-noreste-espana\/\",\"url\":\"https:\/\/preprod.weenat.com\/es\/responsable-ventas-noreste-espana\/\",\"name\":\"Responsable de ventas - Noreste de Espa\u00f1a | Weenat\",\"isPartOf\":{\"@id\":\"https:\/\/preprod.weenat.com\/es\/#website\"},\"datePublished\":\"2024-06-18T09:09:55+00:00\",\"dateModified\":\"2025-09-26T15:18:53+00:00\",\"author\":{\"@id\":\"https:\/\/preprod.weenat.com\/es\/#\/schema\/person\/ac33bec4796712530eaad5a4e77f7262\"},\"description\":\"Weenat esta buscando un Responsable de ventas para el Norte de Espa\u00f1a. Tienes un excelente temperamento comercial y tienes experiencia en el sector agr\u00edcola.\",\"breadcrumb\":{\"@id\":\"https:\/\/preprod.weenat.com\/es\/responsable-ventas-noreste-espana\/#breadcrumb\"},\"inLanguage\":\"es\",\"potentialAction\":[{\"@type\":\"ReadAction\",\"target\":[\"https:\/\/preprod.weenat.com\/es\/responsable-ventas-noreste-espana\/\"]}]},{\"@type\":\"BreadcrumbList\",\"@id\":\"https:\/\/preprod.weenat.com\/es\/responsable-ventas-noreste-espana\/#breadcrumb\",\"itemListElement\":[{\"@type\":\"ListItem\",\"position\":1,\"name\":\"Weenat\",\"item\":\"https:\/\/preprod.weenat.com\/es\/\"},{\"@type\":\"ListItem\",\"position\":2,\"name\":\"Responsable de ventas &#8211; Noreste de Espa\u00f1a\"}]},{\"@type\":\"WebSite\",\"@id\":\"https:\/\/preprod.weenat.com\/es\/#website\",\"url\":\"https:\/\/preprod.weenat.com\/es\/\",\"name\":\"Weenat\",\"description\":\"\",\"potentialAction\":[{\"@type\":\"SearchAction\",\"target\":{\"@type\":\"EntryPoint\",\"urlTemplate\":\"https:\/\/preprod.weenat.com\/es\/?s={search_term_string}\"},\"query-input\":{\"@type\":\"PropertyValueSpecification\",\"valueRequired\":true,\"valueName\":\"search_term_string\"}}],\"inLanguage\":\"es\"},{\"@type\":\"Person\",\"@id\":\"https:\/\/preprod.weenat.com\/es\/#\/schema\/person\/ac33bec4796712530eaad5a4e77f7262\",\"name\":\"Emeline FLORES\",\"image\":{\"@type\":\"ImageObject\",\"inLanguage\":\"es\",\"@id\":\"https:\/\/preprod.weenat.com\/es\/#\/schema\/person\/image\/\",\"url\":\"https:\/\/secure.gravatar.com\/avatar\/814f079c36357c3593a70e7912b0c1da85733259edf2bb1d783d4a5aedbbd710?s=96&d=mm&r=g\",\"contentUrl\":\"https:\/\/secure.gravatar.com\/avatar\/814f079c36357c3593a70e7912b0c1da85733259edf2bb1d783d4a5aedbbd710?s=96&d=mm&r=g\",\"caption\":\"Emeline FLORES\"},\"url\":\"https:\/\/preprod.weenat.com\/es\/author\/emeline\/\"}]}<\/script>\n<!-- \/ Yoast SEO plugin. -->","yoast_head_json":{"title":"Responsable de ventas - Noreste de Espa\u00f1a | Weenat","description":"Weenat esta buscando un Responsable de ventas para el Norte de Espa\u00f1a. Tienes un excelente temperamento comercial y tienes experiencia en el sector agr\u00edcola.","robots":{"index":"noindex","follow":"follow","max-snippet":"max-snippet:-1","max-image-preview":"max-image-preview:large","max-video-preview":"max-video-preview:-1"},"og_locale":"es_ES","og_type":"article","og_title":"Responsable de ventas - Noreste de Espa\u00f1a | Weenat","og_description":"Weenat esta buscando un Responsable de ventas para el Norte de Espa\u00f1a. Tienes un excelente temperamento comercial y tienes experiencia en el sector agr\u00edcola.","og_url":"https:\/\/preprod.weenat.com\/es\/responsable-ventas-noreste-espana\/","og_site_name":"Weenat","article_published_time":"2024-06-18T09:09:55+00:00","article_modified_time":"2025-09-26T15:18:53+00:00","author":"Emeline FLORES","twitter_card":"summary_large_image","twitter_misc":{"Escrito por":"Emeline FLORES","Tiempo de lectura":"3 minutos"},"schema":{"@context":"https:\/\/schema.org","@graph":[{"@type":"WebPage","@id":"https:\/\/preprod.weenat.com\/es\/responsable-ventas-noreste-espana\/","url":"https:\/\/preprod.weenat.com\/es\/responsable-ventas-noreste-espana\/","name":"Responsable de ventas - Noreste de Espa\u00f1a | Weenat","isPartOf":{"@id":"https:\/\/preprod.weenat.com\/es\/#website"},"datePublished":"2024-06-18T09:09:55+00:00","dateModified":"2025-09-26T15:18:53+00:00","author":{"@id":"https:\/\/preprod.weenat.com\/es\/#\/schema\/person\/ac33bec4796712530eaad5a4e77f7262"},"description":"Weenat esta buscando un Responsable de ventas para el Norte de Espa\u00f1a. Tienes un excelente temperamento comercial y tienes experiencia en el sector agr\u00edcola.","breadcrumb":{"@id":"https:\/\/preprod.weenat.com\/es\/responsable-ventas-noreste-espana\/#breadcrumb"},"inLanguage":"es","potentialAction":[{"@type":"ReadAction","target":["https:\/\/preprod.weenat.com\/es\/responsable-ventas-noreste-espana\/"]}]},{"@type":"BreadcrumbList","@id":"https:\/\/preprod.weenat.com\/es\/responsable-ventas-noreste-espana\/#breadcrumb","itemListElement":[{"@type":"ListItem","position":1,"name":"Weenat","item":"https:\/\/preprod.weenat.com\/es\/"},{"@type":"ListItem","position":2,"name":"Responsable de ventas &#8211; Noreste de Espa\u00f1a"}]},{"@type":"WebSite","@id":"https:\/\/preprod.weenat.com\/es\/#website","url":"https:\/\/preprod.weenat.com\/es\/","name":"Weenat","description":"","potentialAction":[{"@type":"SearchAction","target":{"@type":"EntryPoint","urlTemplate":"https:\/\/preprod.weenat.com\/es\/?s={search_term_string}"},"query-input":{"@type":"PropertyValueSpecification","valueRequired":true,"valueName":"search_term_string"}}],"inLanguage":"es"},{"@type":"Person","@id":"https:\/\/preprod.weenat.com\/es\/#\/schema\/person\/ac33bec4796712530eaad5a4e77f7262","name":"Emeline FLORES","image":{"@type":"ImageObject","inLanguage":"es","@id":"https:\/\/preprod.weenat.com\/es\/#\/schema\/person\/image\/","url":"https:\/\/secure.gravatar.com\/avatar\/814f079c36357c3593a70e7912b0c1da85733259edf2bb1d783d4a5aedbbd710?s=96&d=mm&r=g","contentUrl":"https:\/\/secure.gravatar.com\/avatar\/814f079c36357c3593a70e7912b0c1da85733259edf2bb1d783d4a5aedbbd710?s=96&d=mm&r=g","caption":"Emeline FLORES"},"url":"https:\/\/preprod.weenat.com\/es\/author\/emeline\/"}]}},"_links":{"self":[{"href":"https:\/\/preprod.weenat.com\/es\/wp-json\/wp\/v2\/posts\/275464","targetHints":{"allow":["GET"]}}],"collection":[{"href":"https:\/\/preprod.weenat.com\/es\/wp-json\/wp\/v2\/posts"}],"about":[{"href":"https:\/\/preprod.weenat.com\/es\/wp-json\/wp\/v2\/types\/post"}],"author":[{"embeddable":true,"href":"https:\/\/preprod.weenat.com\/es\/wp-json\/wp\/v2\/users\/4"}],"replies":[{"embeddable":true,"href":"https:\/\/preprod.weenat.com\/es\/wp-json\/wp\/v2\/comments?post=275464"}],"version-history":[{"count":2,"href":"https:\/\/preprod.weenat.com\/es\/wp-json\/wp\/v2\/posts\/275464\/revisions"}],"predecessor-version":[{"id":286690,"href":"https:\/\/preprod.weenat.com\/es\/wp-json\/wp\/v2\/posts\/275464\/revisions\/286690"}],"wp:attachment":[{"href":"https:\/\/preprod.weenat.com\/es\/wp-json\/wp\/v2\/media?parent=275464"}],"wp:term":[{"taxonomy":"category","embeddable":true,"href":"https:\/\/preprod.weenat.com\/es\/wp-json\/wp\/v2\/categories?post=275464"},{"taxonomy":"post_tag","embeddable":true,"href":"https:\/\/preprod.weenat.com\/es\/wp-json\/wp\/v2\/tags?post=275464"}],"curies":[{"name":"wp","href":"https:\/\/api.w.org\/{rel}","templated":true}]}}